{"id":5703,"date":"2016-07-24T10:32:51","date_gmt":"2016-07-24T08:32:51","guid":{"rendered":"http:\/\/www.scv-jugend.de\/?p=5703"},"modified":"2016-07-24T19:29:42","modified_gmt":"2016-07-24T17:29:42","slug":"die-naechsten-chessimo-pokalturniere-14-09-ingolstadt-25-09-vaterstetten-07-01-garching","status":"publish","type":"post","link":"https:\/\/www.scv-jugend.de\/?p=5703","title":{"rendered":"Die n\u00e4chsten Chessimo-Pokalturniere: 14.09. Ingolstadt \/ 25.09. Vaterstetten \/ 06.01. Garching"},"content":{"rendered":"<p>Noch w\u00e4hrend die Druckertinte auf den Urkunden aus Deisenhofen trocknete, liefen schon die Vorgespr\u00e4che f\u00fcr die Turniere der kommenden Saison. Und weil die Beliebtheit unserer Turnierserie immer weiter zunimmt, z\u00f6gerten wir nicht, gleich nach Ende der Sommerferien gro\u00df einzusteigen!<\/p>\n<p>Den Auftakt macht dabei eine Premiere. Die Schachfreunde des MTV Ingolstadt zeigten sich von der Idee der Chessimo-Pokalturniere begeistert und richten nun am 17. September erstmals selber diese aus. Wir freuen uns \u00fcber diesen Zuwachs bei den Veranstaltern!<\/p>\n<p>Die Ausschreibung ist ver\u00f6ffentlicht, die Voranmeldeliste offen &#8211; da die Teilnehmerzahl beschr\u00e4nkt ist, lohnt sich hier auf jeden Fall eine rechtzeitige Anmeldung, wenn man mitspielen m\u00f6chte!<\/p>\n<p>Nur achte Tage sp\u00e4ter geht es dann mit dem dienst\u00e4ltesten Ausrichter weiter. Der SC Vaterstetten-Grasbrunn l\u00e4dt schon zum sechsten Mal ein, auch hier ist die Ausschreibung bereits online. Zwar k\u00f6nnen dort mehr Teilnehmer antreten, aber aufgrund der hohen Teilnehmerzahlen bei den M\u00fcnchner Turnieren in den letzten Monaten kann auch dort eine fr\u00fchzeitige Anmeldung eine gute Idee sein.<\/p>\n<p>Zu beiden Turnieren gibt es zudem eine Regel\u00e4nderung zu vermelden. Ab sofort ist der Amateur-Pokal f\u00fcr Spieler bis zu DWZ 1600 offen. So k\u00f6nnen wir noch weiteren Schachbegeisterten die M\u00f6glichkeit er\u00f6ffnen, die sagenhafte Erfahrung eines kompletten DWZ-Turniers an einem einzigen Tag zu genie\u00dfen.<\/p>\n<p>N\u00e4heres wie immer auf unserer Turnierseite: <a href=\"http:\/\/www.chessimo-pokalturniere.de\">www.chessimo-pokalturniere.de<\/a><\/p>\n","protected":false},"excerpt":{"rendered":"<p>Noch w\u00e4hrend die Druckertinte auf den Urkunden aus Deisenhofen trocknete, liefen schon die Vorgespr\u00e4che f\u00fcr die Turniere der kommenden Saison. Und weil die Beliebtheit unserer Turnierserie immer weiter zunimmt, z\u00f6gerten wir nicht, gleich nach Ende der Sommerferien gro\u00df einzusteigen! Den &#8230; <a class=\"more-link\" href=\"https:\/\/www.scv-jugend.de\/?p=5703\">Read More &raquo;<\/a><\/p>\n","protected":false},"author":11,"featured_media":0,"comment_status":"closed","ping_status":"closed","sticky":false,"template":"","format":"standard","meta":{"footnotes":""},"categories":[2,13,32],"tags":[],"class_list":["post-5703","post","type-post","status-publish","format-standard","hentry","category-11-turniere-bayern","category-23-turniere-muenchen","category-turniere-oberbayern"],"_links":{"self":[{"href":"https:\/\/www.scv-jugend.de\/index.php?rest_route=\/wp\/v2\/posts\/5703","targetHints":{"allow":["GET"]}}],"collection":[{"href":"https:\/\/www.scv-jugend.de\/index.php?rest_route=\/wp\/v2\/posts"}],"about":[{"href":"https:\/\/www.scv-jugend.de\/index.php?rest_route=\/wp\/v2\/types\/post"}],"author":[{"embeddable":true,"href":"https:\/\/www.scv-jugend.de\/index.php?rest_route=\/wp\/v2\/users\/11"}],"replies":[{"embeddable":true,"href":"https:\/\/www.scv-jugend.de\/index.php?rest_route=%2Fwp%2Fv2%2Fcomments&post=5703"}],"version-history":[{"count":2,"href":"https:\/\/www.scv-jugend.de\/index.php?rest_route=\/wp\/v2\/posts\/5703\/revisions"}],"predecessor-version":[{"id":5712,"href":"https:\/\/www.scv-jugend.de\/index.php?rest_route=\/wp\/v2\/posts\/5703\/revisions\/5712"}],"wp:attachment":[{"href":"https:\/\/www.scv-jugend.de\/index.php?rest_route=%2Fwp%2Fv2%2Fmedia&parent=5703"}],"wp:term":[{"taxonomy":"category","embeddable":true,"href":"https:\/\/www.scv-jugend.de\/index.php?rest_route=%2Fwp%2Fv2%2Fcategories&post=5703"},{"taxonomy":"post_tag","embeddable":true,"href":"https:\/\/www.scv-jugend.de\/index.php?rest_route=%2Fwp%2Fv2%2Ftags&post=5703"}],"curies":[{"name":"wp","href":"https:\/\/api.w.org\/{rel}","templated":true}]}}