{"id":5683,"date":"2016-07-17T10:32:55","date_gmt":"2016-07-17T08:32:55","guid":{"rendered":"http:\/\/www.scv-jugend.de\/?p=5683"},"modified":"2016-07-17T10:32:55","modified_gmt":"2016-07-17T08:32:55","slug":"freitag-22-07-schacherlebsnistage-schachfestival-statt-regulaerem-training-anmeldung-erforderlich","status":"publish","type":"post","link":"https:\/\/www.scv-jugend.de\/?p=5683","title":{"rendered":"Freitag 22.07.: Schacherlebsnistage \/ Schachfestival statt regul\u00e4rem Training! Anmeldung erforderlich!"},"content":{"rendered":"<p>Liebe Eltern,<br \/>\nLiebe Schachfreunde,<\/p>\n<p>am Freitag den 22.07.16 f\u00e4llt das regul\u00e4re Training f\u00fcr alle Gruppen aus. Daf\u00fcr fahren wir zu den Schacherlebnistagen \/ Schachfestival mit GM Siebrecht im Olympiazentrum.<\/p>\n<p>Treffpunkt ist 14.40 Uhr an der S-Bahn Vaterstetten, 14:55 \u00a0Uhr f\u00e4hrt die S-Bahn Richtung Innenstadt. Unser FSJ-ler Johannes Rieder nimmt die Kinder am Bahnhof Vaterstetten in Empfang und f\u00e4hrt mit ihnen zum Olympiazentrum. F\u00fcr die, die direkt hinkommen m\u00f6chten, bitte 15.50 Uhr am Olympiazentrum sein. Wer in der S-Bahn aus Zorneding Richtung Stadt schon fr\u00fcher zusteigt, soll bitte Johannes kontaktieren, TEL unten.<\/p>\n<p>16:00 Uhr beginnt dann das Programm beim Schachfestival. Vor Ort werden dann Lars Goldbeck, Johannes Rieder und Anton Kawelke sein.<\/p>\n<p>&nbsp;<\/p>\n<p>BITTE PER MAIL ANMELDEN damit wir besser planen k\u00f6nnen! (<a href=\"mailto:antononice@gmail.com\">antononice@gmail.com<\/a>)<\/p>\n<p>&nbsp;<\/p>\n<p>Das Programm:<\/p>\n<p>&nbsp;<\/p>\n<p><b>16.00-16.30 Uhr<\/b>\u00a0Show-Time: Konditionsblitz (Bewegungsspiel)<\/p>\n<p><b>16.30-18.30 Uhr\u00a0<\/b>Show-Time: Simultan Sebastian Siebrecht Internationaler Gro\u00dfmeister, Deutscher Schachlehrer des Jahres<\/p>\n<p>&nbsp;<\/p>\n<p>Nach diesem Programmpunkt endet das Programm offiziell, \u00a0Johannes f\u00e4hrt wieder mit den Kindern nach Vaterstetten zur\u00fcck, Kinder k\u00f6nnen mit Eltern noch l\u00e4nger zu folgendem Programmpunkt bleiben:<\/p>\n<p>&nbsp;<\/p>\n<p><b>\u2014 f\u00fcr die die l\u00e4nger bleiben wollen:<\/b><\/p>\n<p><b>(18.30-20.00 Uhr<\/b>\u00a0Blitzturnier mit Preisen (Qualifikation Center-Cup))<\/p>\n<p>&nbsp;<\/p>\n<p>Bei Fragen immer an:<\/p>\n<p>Anton Kawelke (1.Jugendleiter):\u00a0<a href=\"mailto:antononice@gmail.com\">antononice@gmail.com<\/a>\u00a0TEL:\u00a00157 \/ 75 36 34 35<\/p>\n<p>Johannes Rieder (FSJ): TEL: 0177 \/ 26 63 029<\/p>\n<p>&nbsp;<\/p>\n<p>Mit freundlichen Gr\u00fc\u00dfen<\/p>\n<p>Anton Kawelke<\/p>\n<p>1. Jugendleiter SCVG<\/p>\n","protected":false},"excerpt":{"rendered":"<p>Liebe Eltern, Liebe Schachfreunde, am Freitag den 22.07.16 f\u00e4llt das regul\u00e4re Training f\u00fcr alle Gruppen aus. Daf\u00fcr fahren wir zu den Schacherlebnistagen \/ Schachfestival mit GM Siebrecht im Olympiazentrum. Treffpunkt ist 14.40 Uhr an der S-Bahn Vaterstetten, 14:55 \u00a0Uhr f\u00e4hrt &#8230; <a class=\"more-link\" href=\"https:\/\/www.scv-jugend.de\/?p=5683\">Read More &raquo;<\/a><\/p>\n","protected":false},"author":11,"featured_media":0,"comment_status":"closed","ping_status":"closed","sticky":false,"template":"","format":"standard","meta":{"footnotes":""},"categories":[30,15],"tags":[],"class_list":["post-5683","post","type-post","status-publish","format-standard","hentry","category-training","category-25-veranstaltungen-ehrungen"],"_links":{"self":[{"href":"https:\/\/www.scv-jugend.de\/index.php?rest_route=\/wp\/v2\/posts\/5683","targetHints":{"allow":["GET"]}}],"collection":[{"href":"https:\/\/www.scv-jugend.de\/index.php?rest_route=\/wp\/v2\/posts"}],"about":[{"href":"https:\/\/www.scv-jugend.de\/index.php?rest_route=\/wp\/v2\/types\/post"}],"author":[{"embeddable":true,"href":"https:\/\/www.scv-jugend.de\/index.php?rest_route=\/wp\/v2\/users\/11"}],"replies":[{"embeddable":true,"href":"https:\/\/www.scv-jugend.de\/index.php?rest_route=%2Fwp%2Fv2%2Fcomments&post=5683"}],"version-history":[{"count":1,"href":"https:\/\/www.scv-jugend.de\/index.php?rest_route=\/wp\/v2\/posts\/5683\/revisions"}],"predecessor-version":[{"id":5684,"href":"https:\/\/www.scv-jugend.de\/index.php?rest_route=\/wp\/v2\/posts\/5683\/revisions\/5684"}],"wp:attachment":[{"href":"https:\/\/www.scv-jugend.de\/index.php?rest_route=%2Fwp%2Fv2%2Fmedia&parent=5683"}],"wp:term":[{"taxonomy":"category","embeddable":true,"href":"https:\/\/www.scv-jugend.de\/index.php?rest_route=%2Fwp%2Fv2%2Fcategories&post=5683"},{"taxonomy":"post_tag","embeddable":true,"href":"https:\/\/www.scv-jugend.de\/index.php?rest_route=%2Fwp%2Fv2%2Ftags&post=5683"}],"curies":[{"name":"wp","href":"https:\/\/api.w.org\/{rel}","templated":true}]}}