{"id":5665,"date":"2016-07-07T06:01:01","date_gmt":"2016-07-07T04:01:01","guid":{"rendered":"http:\/\/www.scv-jugend.de\/?p=5665"},"modified":"2016-07-07T06:05:13","modified_gmt":"2016-07-07T04:05:13","slug":"11-juli-training-fuer-einsteiger-und-fortgeschrittene-beim-fc-bayern","status":"publish","type":"post","link":"https:\/\/www.scv-jugend.de\/?p=5665","title":{"rendered":"11. Juli: Training f\u00fcr Einsteiger und Fortgeschrittene beim FC Bayern"},"content":{"rendered":"<p><del>Liebe Schachfreunde,<\/del><\/p>\n<p>die Schachabteilung des FC Bayern M\u00fcnchen bietet in diesem Jahr eine Reihe von Trainingsabenden f\u00fcr Einsteiger und Fortgeschrittene an, die f\u00fcr Mitglieder und G\u00e4ste offen sind. Im Rahmen dieser Reihe findet am kommenden<\/p>\n<p>Montag, den 11.07. um 20:00 Uhr in der<\/p>\n<p>Gastst\u00e4tte des MKV Sportkegelzentrums<br \/>\nS\u00e4bener Stra\u00dfe 49<br \/>\n81547 M\u00fcnchen<br \/>\nMVV: U1 Wettersteinplatz<\/p>\n<p>ein Trainingsabend zum Thema<\/p>\n<p>&#8222;Abgelehntes Damengambit (Teil I)&#8220;<\/p>\n<p>statt. Referent ist J\u00f6rg Wengler. Alle Interessenten sind herzlich eingeladen!<\/p>\n<p>Freundliche Gr\u00fc\u00dfe!<\/p>\n<p>J\u00f6rg Wengler<br \/>\nFC Bayern M\u00fcnchen e.V. &#8211; Abteilung Schach<\/p>\n<p>P.S. Das komplette Trainingsprogramm 2016 f\u00fcr Einsteiger und Fortgeschrittene befindet sich im Internet unter:<\/p>\n<p><a href=\"http:\/\/www.fcbayern-schach.de\/index.php?option=com_content&amp;view=article&amp;id=598:terminplanung-training-2016&amp;catid=332&amp;Itemid=567\" target=\"_blank\">http:\/\/www.fcbayern-schach.de\/index.php?option=com_content&amp;view=article&amp;id=598:terminplanung-training-2016&amp;catid=332&amp;Itemid=567<\/a><\/p>\n","protected":false},"excerpt":{"rendered":"<p>Liebe Schachfreunde, die Schachabteilung des FC Bayern M\u00fcnchen bietet in diesem Jahr eine Reihe von Trainingsabenden f\u00fcr Einsteiger und Fortgeschrittene an, die f\u00fcr Mitglieder und G\u00e4ste offen sind. Im Rahmen dieser Reihe findet am kommenden Montag, den 11.07. um 20:00 &#8230; <a class=\"more-link\" href=\"https:\/\/www.scv-jugend.de\/?p=5665\">Read More &raquo;<\/a><\/p>\n","protected":false},"author":1,"featured_media":0,"comment_status":"closed","ping_status":"closed","sticky":false,"template":"","format":"standard","meta":{"footnotes":""},"categories":[],"tags":[],"class_list":["post-5665","post","type-post","status-publish","format-standard","hentry"],"_links":{"self":[{"href":"https:\/\/www.scv-jugend.de\/index.php?rest_route=\/wp\/v2\/posts\/5665","targetHints":{"allow":["GET"]}}],"collection":[{"href":"https:\/\/www.scv-jugend.de\/index.php?rest_route=\/wp\/v2\/posts"}],"about":[{"href":"https:\/\/www.scv-jugend.de\/index.php?rest_route=\/wp\/v2\/types\/post"}],"author":[{"embeddable":true,"href":"https:\/\/www.scv-jugend.de\/index.php?rest_route=\/wp\/v2\/users\/1"}],"replies":[{"embeddable":true,"href":"https:\/\/www.scv-jugend.de\/index.php?rest_route=%2Fwp%2Fv2%2Fcomments&post=5665"}],"version-history":[{"count":2,"href":"https:\/\/www.scv-jugend.de\/index.php?rest_route=\/wp\/v2\/posts\/5665\/revisions"}],"predecessor-version":[{"id":5667,"href":"https:\/\/www.scv-jugend.de\/index.php?rest_route=\/wp\/v2\/posts\/5665\/revisions\/5667"}],"wp:attachment":[{"href":"https:\/\/www.scv-jugend.de\/index.php?rest_route=%2Fwp%2Fv2%2Fmedia&parent=5665"}],"wp:term":[{"taxonomy":"category","embeddable":true,"href":"https:\/\/www.scv-jugend.de\/index.php?rest_route=%2Fwp%2Fv2%2Fcategories&post=5665"},{"taxonomy":"post_tag","embeddable":true,"href":"https:\/\/www.scv-jugend.de\/index.php?rest_route=%2Fwp%2Fv2%2Ftags&post=5665"}],"curies":[{"name":"wp","href":"https:\/\/api.w.org\/{rel}","templated":true}]}}