{"id":5663,"date":"2016-07-06T20:33:27","date_gmt":"2016-07-06T18:33:27","guid":{"rendered":"http:\/\/www.scv-jugend.de\/?p=5663"},"modified":"2016-07-06T20:33:27","modified_gmt":"2016-07-06T18:33:27","slug":"offene-vorstandssitzung-am-freitag-15-juli-19-00-uhr","status":"publish","type":"post","link":"https:\/\/www.scv-jugend.de\/?p=5663","title":{"rendered":"Offene Vorstandssitzung am Freitag, 15. Juli, 19.00 Uhr"},"content":{"rendered":"<p>Liebe Schachfreunde,<\/p>\n<p>am Freitag, 15. Juli findet ab 19.00 Uhr im Ristorante Da Vinci, Bahnhofstr. 23, 85591 Vaterstetten, eine Offene Vorstandssitzung des Schachclubs Vaterstetten-Grasbrunn statt. Im Wesentlichen besprechen wir die Terminplanung f\u00fcr Jugendliche und Erwachsene f\u00fcr das 1. Halbjahr der Saison 2016\/17 (beginnt am 1. September).<\/p>\n<p>Jeder, der sich aktiv einbringen m\u00f6chte, ist herzlich willkommen.<\/p>\n<p>Sch\u00f6ne Gr\u00fc\u00dfe<\/p>\n<p>Moritz, Ingrid &amp; Matthias<\/p>\n","protected":false},"excerpt":{"rendered":"<p>Liebe Schachfreunde, am Freitag, 15. Juli findet ab 19.00 Uhr im Ristorante Da Vinci, Bahnhofstr. 23, 85591 Vaterstetten, eine Offene Vorstandssitzung des Schachclubs Vaterstetten-Grasbrunn statt. Im Wesentlichen besprechen wir die Terminplanung f\u00fcr Jugendliche und Erwachsene f\u00fcr das 1. Halbjahr der &#8230; <a class=\"more-link\" href=\"https:\/\/www.scv-jugend.de\/?p=5663\">Read More &raquo;<\/a><\/p>\n","protected":false},"author":11,"featured_media":0,"comment_status":"closed","ping_status":"closed","sticky":false,"template":"","format":"standard","meta":{"footnotes":""},"categories":[],"tags":[],"class_list":["post-5663","post","type-post","status-publish","format-standard","hentry"],"_links":{"self":[{"href":"https:\/\/www.scv-jugend.de\/index.php?rest_route=\/wp\/v2\/posts\/5663","targetHints":{"allow":["GET"]}}],"collection":[{"href":"https:\/\/www.scv-jugend.de\/index.php?rest_route=\/wp\/v2\/posts"}],"about":[{"href":"https:\/\/www.scv-jugend.de\/index.php?rest_route=\/wp\/v2\/types\/post"}],"author":[{"embeddable":true,"href":"https:\/\/www.scv-jugend.de\/index.php?rest_route=\/wp\/v2\/users\/11"}],"replies":[{"embeddable":true,"href":"https:\/\/www.scv-jugend.de\/index.php?rest_route=%2Fwp%2Fv2%2Fcomments&post=5663"}],"version-history":[{"count":1,"href":"https:\/\/www.scv-jugend.de\/index.php?rest_route=\/wp\/v2\/posts\/5663\/revisions"}],"predecessor-version":[{"id":5664,"href":"https:\/\/www.scv-jugend.de\/index.php?rest_route=\/wp\/v2\/posts\/5663\/revisions\/5664"}],"wp:attachment":[{"href":"https:\/\/www.scv-jugend.de\/index.php?rest_route=%2Fwp%2Fv2%2Fmedia&parent=5663"}],"wp:term":[{"taxonomy":"category","embeddable":true,"href":"https:\/\/www.scv-jugend.de\/index.php?rest_route=%2Fwp%2Fv2%2Fcategories&post=5663"},{"taxonomy":"post_tag","embeddable":true,"href":"https:\/\/www.scv-jugend.de\/index.php?rest_route=%2Fwp%2Fv2%2Ftags&post=5663"}],"curies":[{"name":"wp","href":"https:\/\/api.w.org\/{rel}","templated":true}]}}