{"id":5501,"date":"2016-07-23T19:00:07","date_gmt":"2016-07-23T17:00:07","guid":{"rendered":"http:\/\/www.scv-jugend.de\/?p=5501"},"modified":"2016-07-23T21:32:34","modified_gmt":"2016-07-23T19:32:34","slug":"schachsommer-2016-paarungen-jetzt-online","status":"publish","type":"post","link":"https:\/\/www.scv-jugend.de\/?p=5501","title":{"rendered":"Schachsommer 2016 &#8211; Paarungen jetzt online"},"content":{"rendered":"<p>Der Schachsommer 2016 hat begonnen. Wir spielen in 2 Gruppen mit jeweils 5 Spielern:<br \/>\nGruppe 1:<br \/>\nSuhel Abdalla, Nikolas Galensowske, Monty-Remo Piske, Karl-Hermann M\u00fchlhaus, Jan J\u00fcngling<\/p>\n<p>Gruppe 2:<br \/>\nG\u00fcnther Banholzer, Reiner Bergmann, Siegfried Berger, Manfred Brune, Jan Banholzer<\/p>\n<p>Spieler, die an einem Spieltag nicht genannt sind, haben spielfrei.<\/p>\n<p>1. Spieltag 27.05.:<br \/>\nGruppe 1: Nikolas Galensowske &#8211; Jan J\u00fcngling \u00a0 \u00a0 \u00a0 \u00a0 \u00a0 \u00a0 \u00a0 \u00a0 \u00a0 \u00a0 \u00a0 \u00a0\u00a0+\/-<br \/>\nGruppe 1: Monty-Remo Piske &#8211; Karl-Hermann M\u00fchlhaus \u00a0 \u00a0 \u00a01:0<br \/>\nGruppe 2:\u00a0Jan Banholzer &#8211;\u00a0Reiner Bergmann \u00a0 \u00a0 \u00a0 \u00a0 \u00a0 \u00a0 \u00a0 \u00a0 \u00a0 \u00a0 \u00a0 \u00a0 \u00a0 \u00a00:1<br \/>\nGruppe 2: Manfred Brune\u00a0(\u2020) &#8211; Siegfried Berger \u00a0 \u00a0 \u00a0 \u00a0 \u00a0 \u00a0 \u00a0 \u00a0 \u00a0 \u00a0 \u00a0 0:1<\/p>\n<p>2. Spieltag: 10.06.:<br \/>\nGruppe 1: Jan J\u00fcngling &#8211; Monty-Remo Piske \u00a0 \u00a0 \u00a0 \u00a0 \u00a0 \u00a0 \u00a0 \u00a0 \u00a0 \u00a0 \u00a0 \u00a0 \u00a0 \u00a0-\/+<br \/>\nGruppe 1: Suhel Abdalla &#8211; Nikolas Galensowske \u00a0 \u00a0 \u00a0 \u00a0 \u00a0 \u00a0 \u00a0 \u00a0 \u00a0 \u00a0 \u00a0 \u00bd:\u00bd<br \/>\nGruppe 2: Siegfried Berger &#8211; Jan Banholzer \u00a0 \u00a0 \u00a0 \u00a0 \u00a0 \u00a0 \u00a0 \u00a0 \u00a0 \u00a0 \u00a0 \u00a0 \u00a0 \u00a0 \u00a0 1:0<br \/>\nGruppe 2: Reiner Bergmann &#8211; G\u00fcnther Banholzer \u00a0 \u00a0 \u00a0 \u00a0 \u00a0 \u00a0 \u00a0 \u00a0 \u00a0 \u00a01:0<\/p>\n<p>3. Spieltag: 24.06.:<br \/>\nGruppe 1: Monty-Remo Piske &#8211; Suhel Abdalla \u00a0 \u00a0 \u00a0 \u00a0 \u00a0 \u00a0 \u00a0 \u00a0 \u00a0 \u00a0 \u00a0 \u00a0 \u00a01:0<br \/>\nGruppe 1: Karl-Hermann M\u00fchlhaus &#8211; Jan J\u00fcngling \u00a0 \u00a0 \u00a0 \u00a0 \u00a0 \u00a0 \u00a0 \u00a0+\/-<br \/>\nGruppe 2: G\u00fcnther Banholzer &#8211; Siegfried Berger \u00a0 \u00a0 \u00a0 \u00a0 \u00a0 \u00a0 \u00a0 \u00a0 \u00a0 \u00a0 \u00a0 0:1<br \/>\nGruppe 2: Jan Banholzer &#8211; Manfred Brune (\u2020) \u00a0 \u00a0 \u00a0 \u00a0 \u00a0 \u00a0 \u00a0 \u00a0 \u00a0 \u00a0 \u00a0 \u00a0 \u00a0+\/- *<\/p>\n<p>4. Spieltag: 08.07.:<br \/>\nGruppe 1: Suhel Abdalla &#8211; Karl-Hermann M\u00fchlhaus \u00a0 \u00a0 \u00a0 \u00a0 \u00a0 \u00a0 \u00a0 \u00a01:0<br \/>\nGruppe 1: Nikolas Galensowske &#8211; Monty-Remo Piske \u00a0 \u00a0 \u00a0 \u00a0 \u00a0 \u00a0 \u00a0offen<br \/>\nGruppe 2: Manfred Brune (\u2020) &#8211; G\u00fcnther Banholzer \u00a0 \u00a0 \u00a0 \u00a0 \u00a0 \u00a0 \u00a0 \u00a0 \u00a0 -\/+ *<br \/>\nGruppe 2: Siegfried Berger &#8211; Reiner Bergmann\u00a0 \u00a0 \u00a0 \u00a0 \u00a0 \u00a0 \u00a0 \u00a0 \u00a0 \u00a0 \u00a0 \u00a0 \u00a00:1<\/p>\n<p>5. Spieltag: 22.07.:<br \/>\nGruppe 1: Karl-Hermann M\u00fchlhaus &#8211; Nikolas Galensowske 1:0<br \/>\nGruppe 1: Jan J\u00fcngling &#8211; Suhel Abdalla \u00a0 \u00a0 \u00a0 \u00a0 \u00a0 \u00a0 \u00a0 \u00a0 \u00a0 \u00a0 \u00a0 \u00a0 \u00a0 \u00a0 \u00a0 \u00a0 \u00a0 \u00a0\u00a0-\/+<br \/>\nGruppe 2: Reiner Bergmann &#8211; Manfred Brune\u00a0 (\u2020) \u00a0 \u00a0 \u00a0 \u00a0 \u00a0 \u00a0 \u00a0 \u00a0 \u00a0+\/- *<br \/>\nGruppe 2: G\u00fcnther Banholzer &#8211; Jan Banholzer \u00a0 \u00a0 \u00a0 \u00a0 \u00a0 \u00a0 \u00a0 \u00a0 \u00a0 \u00a0 \u00a0 \u00a0 1:0<\/p>\n<p>* Manfred Brune ist leider am 20. Juni 2016 nach kurzer schwerer Krankheit verstorben. Einen Nachruf finden Sie hier:\u00a0<a href=\"http:\/\/www.scv-jugend.de\/?p=5619\">http:\/\/www.scv-jugend.de\/?p=5619<\/a><\/p>\n","protected":false},"excerpt":{"rendered":"<p>Der Schachsommer 2016 hat begonnen. Wir spielen in 2 Gruppen mit jeweils 5 Spielern: Gruppe 1: Suhel Abdalla, Nikolas Galensowske, Monty-Remo Piske, Karl-Hermann M\u00fchlhaus, Jan J\u00fcngling Gruppe 2: G\u00fcnther Banholzer, Reiner Bergmann, Siegfried Berger, Manfred Brune, Jan Banholzer Spieler, die &#8230; <a class=\"more-link\" href=\"https:\/\/www.scv-jugend.de\/?p=5501\">Read More &raquo;<\/a><\/p>\n","protected":false},"author":11,"featured_media":0,"comment_status":"closed","ping_status":"closed","sticky":false,"template":"","format":"standard","meta":{"footnotes":""},"categories":[29,24],"tags":[],"class_list":["post-5501","post","type-post","status-publish","format-standard","hentry","category-erwachsenenligen","category-turniere"],"_links":{"self":[{"href":"https:\/\/www.scv-jugend.de\/index.php?rest_route=\/wp\/v2\/posts\/5501","targetHints":{"allow":["GET"]}}],"collection":[{"href":"https:\/\/www.scv-jugend.de\/index.php?rest_route=\/wp\/v2\/posts"}],"about":[{"href":"https:\/\/www.scv-jugend.de\/index.php?rest_route=\/wp\/v2\/types\/post"}],"author":[{"embeddable":true,"href":"https:\/\/www.scv-jugend.de\/index.php?rest_route=\/wp\/v2\/users\/11"}],"replies":[{"embeddable":true,"href":"https:\/\/www.scv-jugend.de\/index.php?rest_route=%2Fwp%2Fv2%2Fcomments&post=5501"}],"version-history":[{"count":11,"href":"https:\/\/www.scv-jugend.de\/index.php?rest_route=\/wp\/v2\/posts\/5501\/revisions"}],"predecessor-version":[{"id":5701,"href":"https:\/\/www.scv-jugend.de\/index.php?rest_route=\/wp\/v2\/posts\/5501\/revisions\/5701"}],"wp:attachment":[{"href":"https:\/\/www.scv-jugend.de\/index.php?rest_route=%2Fwp%2Fv2%2Fmedia&parent=5501"}],"wp:term":[{"taxonomy":"category","embeddable":true,"href":"https:\/\/www.scv-jugend.de\/index.php?rest_route=%2Fwp%2Fv2%2Fcategories&post=5501"},{"taxonomy":"post_tag","embeddable":true,"href":"https:\/\/www.scv-jugend.de\/index.php?rest_route=%2Fwp%2Fv2%2Ftags&post=5501"}],"curies":[{"name":"wp","href":"https:\/\/api.w.org\/{rel}","templated":true}]}}