{"id":5319,"date":"2016-04-24T16:29:28","date_gmt":"2016-04-24T14:29:28","guid":{"rendered":"http:\/\/www.scv-jugend.de\/?p=5319"},"modified":"2016-04-24T16:36:18","modified_gmt":"2016-04-24T14:36:18","slug":"bayerische-schach-960-meisterschaft-in-unterhaching-am-naechsten-samstag","status":"publish","type":"post","link":"https:\/\/www.scv-jugend.de\/?p=5319","title":{"rendered":"Bayerische Schach-960-Meisterschaft in Unterhaching am n\u00e4chsten Samstag"},"content":{"rendered":"<p><a href=\"http:\/\/www.scv-jugend.de\/wp-content\/uploads\/2016\/04\/Ausschreibung_2.OffeneBaySchach960Meisterschaft.pdf\" rel=\"\">Ausschreibung_2.OffeneBaySchach960Meisterschaft<\/a><\/p>\n<p>&nbsp;<\/p>\n<p>Liebe Schachfreunde und besonders die Freunde der etwas anderen Partie,<\/p>\n<p>der Schachclub Unterhaching m\u00f6chte Sie noch einmal an die am kommenden Samstag ab 11 Uhr in der Hachinga Halle in Unterhaching stattfindende 2. Offene Bayerische Meisterschaft im Schach960 erinnern.<\/p>\n<p>Mittlerweile hat auch ein erkl\u00e4rter Liebhaber dieser Variante seine Teilnahme best\u00e4tigt: <strong>Vlastimil Hort<\/strong> wird wie im letzten Jahr dabei sein. Dr. Helmut Pfleger wird als Kibitz wie immer versuchen denkw\u00fcrdige Stellungen f\u00fcr das ZEITMagazin zu finden.<\/p>\n<p>In der April-Ausgabe des Magazins \u201eSchach\u201c ist \u00fcbrigens ein recht witziges Interview mit Lajos Portisch zu lesen (\u00fcber das Elosystem: \u201ewir Ungarn sind immer in der Lage uns etwas Dummes auszudenken\u201c), in dem er beschreibt, dass er Bobby Fischer nie gesagt hat, wie \u201ebl\u00f6d\u201c er Schach960 fand \u2013 allerdings war es die einzige Variante, in der er Fischer je schlagen konnte!<\/p>\n<p>Wenn Ihnen also \u00e4hnliche Erfolgserlebnisse bisher verwehrt blieben, versuchen Sie es doch mal mit Schach960! Bitte keine Scheu, weil man es noch nie gespielt hat, es klappt beim ersten Mal!<\/p>\n<p>Des Weiteren kann ich wieder den leckeren Leberk\u00e4s vom Hofgut Laubhart (und andere preisg\u00fcnstige Verpflegung) ank\u00fcndigen, der uns \u00fcber die sieben Runden helfen wird.<\/p>\n<p>Voranmeldungen k\u00f6nnen gerne an mich gerichtet werden, ansonsten vor Ort am Spieltag.<\/p>\n<p>Wir freuen uns auf Ihren Besuch und hoffentlich Ihre Teilnahme!<\/p>\n<p>Mit herzlichen Gr\u00fc\u00dfen,<\/p>\n<p>Peter Dengler<\/p>\n<p>Schachclub Unterhaching<\/p>\n","protected":false},"excerpt":{"rendered":"<p>Ausschreibung_2.OffeneBaySchach960Meisterschaft &nbsp; Liebe Schachfreunde und besonders die Freunde der etwas anderen Partie, der Schachclub Unterhaching m\u00f6chte Sie noch einmal an die am kommenden Samstag ab 11 Uhr in der Hachinga Halle in Unterhaching stattfindende 2. Offene Bayerische Meisterschaft im Schach960 &#8230; <a class=\"more-link\" href=\"https:\/\/www.scv-jugend.de\/?p=5319\">Read More &raquo;<\/a><\/p>\n","protected":false},"author":1,"featured_media":0,"comment_status":"closed","ping_status":"closed","sticky":false,"template":"","format":"standard","meta":{"footnotes":""},"categories":[],"tags":[],"class_list":["post-5319","post","type-post","status-publish","format-standard","hentry"],"_links":{"self":[{"href":"https:\/\/www.scv-jugend.de\/index.php?rest_route=\/wp\/v2\/posts\/5319","targetHints":{"allow":["GET"]}}],"collection":[{"href":"https:\/\/www.scv-jugend.de\/index.php?rest_route=\/wp\/v2\/posts"}],"about":[{"href":"https:\/\/www.scv-jugend.de\/index.php?rest_route=\/wp\/v2\/types\/post"}],"author":[{"embeddable":true,"href":"https:\/\/www.scv-jugend.de\/index.php?rest_route=\/wp\/v2\/users\/1"}],"replies":[{"embeddable":true,"href":"https:\/\/www.scv-jugend.de\/index.php?rest_route=%2Fwp%2Fv2%2Fcomments&post=5319"}],"version-history":[{"count":3,"href":"https:\/\/www.scv-jugend.de\/index.php?rest_route=\/wp\/v2\/posts\/5319\/revisions"}],"predecessor-version":[{"id":5323,"href":"https:\/\/www.scv-jugend.de\/index.php?rest_route=\/wp\/v2\/posts\/5319\/revisions\/5323"}],"wp:attachment":[{"href":"https:\/\/www.scv-jugend.de\/index.php?rest_route=%2Fwp%2Fv2%2Fmedia&parent=5319"}],"wp:term":[{"taxonomy":"category","embeddable":true,"href":"https:\/\/www.scv-jugend.de\/index.php?rest_route=%2Fwp%2Fv2%2Fcategories&post=5319"},{"taxonomy":"post_tag","embeddable":true,"href":"https:\/\/www.scv-jugend.de\/index.php?rest_route=%2Fwp%2Fv2%2Ftags&post=5319"}],"curies":[{"name":"wp","href":"https:\/\/api.w.org\/{rel}","templated":true}]}}