{"id":5291,"date":"2016-04-07T09:12:52","date_gmt":"2016-04-07T07:12:52","guid":{"rendered":"http:\/\/www.scv-jugend.de\/?p=5291"},"modified":"2016-04-07T09:12:52","modified_gmt":"2016-04-07T07:12:52","slug":"training-findet-am-08-04-und-15-04-statt","status":"publish","type":"post","link":"https:\/\/www.scv-jugend.de\/?p=5291","title":{"rendered":"TRAINING FINDET AM 08.04. UND 15.04 STATT"},"content":{"rendered":"<p><strong>Liebe Schachfreunde,<\/strong><\/p>\n<div><\/div>\n<div>Da es zu Unklarheiten bez\u00fcglich des Trainings kam: Das Training am 08.04 und am 15.04 findet wie gewohnt ab 16.15 Uhr statt.<\/div>\n<div>Einzige \u00c4nderung: Da uns der Pfarrsaal nicht zur Verf\u00fcgung steht (Erstkommunion + Vorbereitungen), m\u00fcssen wir auf den Kellerraum ausweichen!<\/div>\n<div><\/div>\n<div>Bis Freitag!<\/div>\n<div><\/div>\n","protected":false},"excerpt":{"rendered":"<p>Liebe Schachfreunde, Da es zu Unklarheiten bez\u00fcglich des Trainings kam: Das Training am 08.04 und am 15.04 findet wie gewohnt ab 16.15 Uhr statt. Einzige \u00c4nderung: Da uns der Pfarrsaal nicht zur Verf\u00fcgung steht (Erstkommunion + Vorbereitungen), m\u00fcssen wir auf &#8230; <a class=\"more-link\" href=\"https:\/\/www.scv-jugend.de\/?p=5291\">Read More &raquo;<\/a><\/p>\n","protected":false},"author":1,"featured_media":0,"comment_status":"closed","ping_status":"closed","sticky":false,"template":"","format":"standard","meta":{"footnotes":""},"categories":[30],"tags":[],"class_list":["post-5291","post","type-post","status-publish","format-standard","hentry","category-training"],"_links":{"self":[{"href":"https:\/\/www.scv-jugend.de\/index.php?rest_route=\/wp\/v2\/posts\/5291","targetHints":{"allow":["GET"]}}],"collection":[{"href":"https:\/\/www.scv-jugend.de\/index.php?rest_route=\/wp\/v2\/posts"}],"about":[{"href":"https:\/\/www.scv-jugend.de\/index.php?rest_route=\/wp\/v2\/types\/post"}],"author":[{"embeddable":true,"href":"https:\/\/www.scv-jugend.de\/index.php?rest_route=\/wp\/v2\/users\/1"}],"replies":[{"embeddable":true,"href":"https:\/\/www.scv-jugend.de\/index.php?rest_route=%2Fwp%2Fv2%2Fcomments&post=5291"}],"version-history":[{"count":1,"href":"https:\/\/www.scv-jugend.de\/index.php?rest_route=\/wp\/v2\/posts\/5291\/revisions"}],"predecessor-version":[{"id":5292,"href":"https:\/\/www.scv-jugend.de\/index.php?rest_route=\/wp\/v2\/posts\/5291\/revisions\/5292"}],"wp:attachment":[{"href":"https:\/\/www.scv-jugend.de\/index.php?rest_route=%2Fwp%2Fv2%2Fmedia&parent=5291"}],"wp:term":[{"taxonomy":"category","embeddable":true,"href":"https:\/\/www.scv-jugend.de\/index.php?rest_route=%2Fwp%2Fv2%2Fcategories&post=5291"},{"taxonomy":"post_tag","embeddable":true,"href":"https:\/\/www.scv-jugend.de\/index.php?rest_route=%2Fwp%2Fv2%2Ftags&post=5291"}],"curies":[{"name":"wp","href":"https:\/\/api.w.org\/{rel}","templated":true}]}}