{"id":5212,"date":"2016-03-06T22:09:32","date_gmt":"2016-03-06T20:09:32","guid":{"rendered":"http:\/\/www.scv-jugend.de\/?p=5212"},"modified":"2016-03-06T22:10:09","modified_gmt":"2016-03-06T20:10:09","slug":"zweite-mannschaft-zum-auftakt-geschlagen","status":"publish","type":"post","link":"https:\/\/www.scv-jugend.de\/?p=5212","title":{"rendered":"Zweite Mannschaft zum Auftakt geschlagen"},"content":{"rendered":"<p>Zum Saisonauftakt unterlag die zweite Erwachsenenmannschaft bei Allianz 2 deutlich mit 1,5:6,5. Der Gegner war an allen Brettern mit durchschnittlich gut 200 DWZ im Vorteil, und lediglich Jan, Bastian und Reiner gelang jeweils ein Remis.<br \/>\nF\u00fcr unsere Zweite kann es nach dem Aufstieg dieses Jahr nur um den Klassenerhalt gehen. Da auch deutlich schw\u00e4chere Teams als Allianz in der Liga sind, bleiben wir diesbez\u00fcglich optimistisch.<\/p>\n","protected":false},"excerpt":{"rendered":"<p>Zum Saisonauftakt unterlag die zweite Erwachsenenmannschaft bei Allianz 2 deutlich mit 1,5:6,5. Der Gegner war an allen Brettern mit durchschnittlich gut 200 DWZ im Vorteil, und lediglich Jan, Bastian und Reiner gelang jeweils ein Remis. F\u00fcr unsere Zweite kann es &#8230; <a class=\"more-link\" href=\"https:\/\/www.scv-jugend.de\/?p=5212\">Read More &raquo;<\/a><\/p>\n","protected":false},"author":50,"featured_media":0,"comment_status":"closed","ping_status":"closed","sticky":false,"template":"","format":"standard","meta":{"footnotes":""},"categories":[29],"tags":[],"class_list":["post-5212","post","type-post","status-publish","format-standard","hentry","category-erwachsenenligen"],"_links":{"self":[{"href":"https:\/\/www.scv-jugend.de\/index.php?rest_route=\/wp\/v2\/posts\/5212","targetHints":{"allow":["GET"]}}],"collection":[{"href":"https:\/\/www.scv-jugend.de\/index.php?rest_route=\/wp\/v2\/posts"}],"about":[{"href":"https:\/\/www.scv-jugend.de\/index.php?rest_route=\/wp\/v2\/types\/post"}],"author":[{"embeddable":true,"href":"https:\/\/www.scv-jugend.de\/index.php?rest_route=\/wp\/v2\/users\/50"}],"replies":[{"embeddable":true,"href":"https:\/\/www.scv-jugend.de\/index.php?rest_route=%2Fwp%2Fv2%2Fcomments&post=5212"}],"version-history":[{"count":3,"href":"https:\/\/www.scv-jugend.de\/index.php?rest_route=\/wp\/v2\/posts\/5212\/revisions"}],"predecessor-version":[{"id":5216,"href":"https:\/\/www.scv-jugend.de\/index.php?rest_route=\/wp\/v2\/posts\/5212\/revisions\/5216"}],"wp:attachment":[{"href":"https:\/\/www.scv-jugend.de\/index.php?rest_route=%2Fwp%2Fv2%2Fmedia&parent=5212"}],"wp:term":[{"taxonomy":"category","embeddable":true,"href":"https:\/\/www.scv-jugend.de\/index.php?rest_route=%2Fwp%2Fv2%2Fcategories&post=5212"},{"taxonomy":"post_tag","embeddable":true,"href":"https:\/\/www.scv-jugend.de\/index.php?rest_route=%2Fwp%2Fv2%2Ftags&post=5212"}],"curies":[{"name":"wp","href":"https:\/\/api.w.org\/{rel}","templated":true}]}}