{"id":5210,"date":"2016-03-06T19:06:58","date_gmt":"2016-03-06T17:06:58","guid":{"rendered":"http:\/\/www.scv-jugend.de\/?p=5210"},"modified":"2016-03-06T19:06:58","modified_gmt":"2016-03-06T17:06:58","slug":"erste-mannschaft-gewinnt-den-saisonauftakt","status":"publish","type":"post","link":"https:\/\/www.scv-jugend.de\/?p=5210","title":{"rendered":"Erste Mannschaft gewinnt den Saisonauftakt"},"content":{"rendered":"<p>Am Freitag begann die Saison f\u00fcr die erste Mannschaft. Trotz eines deutlich h\u00f6heren DWZ-Schnitts sollte es sich das Team schwer tun. Eine schneller Sieg von Lars bedeutete die 1:0 F\u00fchrung. Tibor spielte an Brett 7 gegen den nominell Zweitst\u00e4rksten der gegnerischen Mannschaft und holte mit Schwarz ungef\u00e4hrdet ein Remis. Auch Moritz spielte schnell Remis und nach dem Sieg von Dominik sah es nach einem sourver\u00e4nen Sieg aus. Jedoch geriet Johannes unter Druck, konnte sich aber noch geschickt ins Dauerschach retten. Finn und Oli verloren leider ihre Partien. Somit stand es 3,5:3,5. Ferdinand&#8217;s Gegner (DWZ: 1673!), spielte einen b\u00e4renstarke Partie und konnte in ein remisliges Endspiel abwickeln. Ferdinand konnte jedoch den Druck\u00a0 aufrecht erhalten und schlie\u00dflich gewinnen. Somit sind die ersten zwei Mannschaftspunkte geholt! Am Mittwoch geht es ausw\u00e4rts gegen Schach-Union 1 weiter!<\/p>\n","protected":false},"excerpt":{"rendered":"<p>Am Freitag begann die Saison f\u00fcr die erste Mannschaft. Trotz eines deutlich h\u00f6heren DWZ-Schnitts sollte es sich das Team schwer tun. Eine schneller Sieg von Lars bedeutete die 1:0 F\u00fchrung. Tibor spielte an Brett 7 gegen den nominell Zweitst\u00e4rksten der &#8230; <a class=\"more-link\" href=\"https:\/\/www.scv-jugend.de\/?p=5210\">Read More &raquo;<\/a><\/p>\n","protected":false},"author":50,"featured_media":0,"comment_status":"closed","ping_status":"closed","sticky":false,"template":"","format":"standard","meta":{"footnotes":""},"categories":[29],"tags":[],"class_list":["post-5210","post","type-post","status-publish","format-standard","hentry","category-erwachsenenligen"],"_links":{"self":[{"href":"https:\/\/www.scv-jugend.de\/index.php?rest_route=\/wp\/v2\/posts\/5210","targetHints":{"allow":["GET"]}}],"collection":[{"href":"https:\/\/www.scv-jugend.de\/index.php?rest_route=\/wp\/v2\/posts"}],"about":[{"href":"https:\/\/www.scv-jugend.de\/index.php?rest_route=\/wp\/v2\/types\/post"}],"author":[{"embeddable":true,"href":"https:\/\/www.scv-jugend.de\/index.php?rest_route=\/wp\/v2\/users\/50"}],"replies":[{"embeddable":true,"href":"https:\/\/www.scv-jugend.de\/index.php?rest_route=%2Fwp%2Fv2%2Fcomments&post=5210"}],"version-history":[{"count":1,"href":"https:\/\/www.scv-jugend.de\/index.php?rest_route=\/wp\/v2\/posts\/5210\/revisions"}],"predecessor-version":[{"id":5211,"href":"https:\/\/www.scv-jugend.de\/index.php?rest_route=\/wp\/v2\/posts\/5210\/revisions\/5211"}],"wp:attachment":[{"href":"https:\/\/www.scv-jugend.de\/index.php?rest_route=%2Fwp%2Fv2%2Fmedia&parent=5210"}],"wp:term":[{"taxonomy":"category","embeddable":true,"href":"https:\/\/www.scv-jugend.de\/index.php?rest_route=%2Fwp%2Fv2%2Fcategories&post=5210"},{"taxonomy":"post_tag","embeddable":true,"href":"https:\/\/www.scv-jugend.de\/index.php?rest_route=%2Fwp%2Fv2%2Ftags&post=5210"}],"curies":[{"name":"wp","href":"https:\/\/api.w.org\/{rel}","templated":true}]}}