{"id":4881,"date":"2015-12-16T22:04:08","date_gmt":"2015-12-16T20:04:08","guid":{"rendered":"http:\/\/www.scv-jugend.de\/?p=4881"},"modified":"2015-12-21T17:28:00","modified_gmt":"2015-12-21T15:28:00","slug":"vereinsmeisterschaft-endstand-der-gruppenphase-paarungen-fuer-die-beiden-halbfinals","status":"publish","type":"post","link":"https:\/\/www.scv-jugend.de\/?p=4881","title":{"rendered":"Vereinsmeisterschaft: Endstand der Gruppenphase \/ Paarungen f\u00fcr die beiden Halbfinals"},"content":{"rendered":"<p>Die Gruppenphase der Vereinsmeisterschaft 2015\/16 ist beendet. In Gruppe A gewinnt souver\u00e4n Lars Goldbeck. Er musste nur ein Remis gegen den Zweitplatzierten Moritz Heimb\u00e4cher abgeben. In Gruppe B siegte Monty-Remo Piske souver\u00e4n mit 5\/5! Herzlichen Gl\u00fcckwunsch.<\/p>\n<p>Im Halbfinale treffen nun die beiden Gruppen-Ersten Lars Goldbeck und Monty-Remo Piske aufeinander. Im zweiten Halbfinale spielen Moritz Heimb\u00e4cher und Suhel Abdalla gegeneinander.<\/p>\n<p>Monty-Remo Piske (wei\u00df) gegen Lars Goldbeck (schwarz)<br \/>\nSuhel Abdalla (wei\u00df) gegen Moritz Heimb\u00e4cher (schwarz)<\/p>\n<p>Das Halbfinale findet am 15. Januar 2016 statt!<\/p>\n<p>Endstand Gruppe A:<\/p>\n<table border=\"2\" cellspacing=\"2\" cellpadding=\"2\" bgcolor=\"#C0C0C0\">\n<tbody>\n<tr>\n<td colspan=\"11\">Rangliste: Stand nach der 5. Runde<\/td>\n<\/tr>\n<tr bgcolor=\"#00FF00\">\n<th>Nr.<\/th>\n<th>Teilnehmer<\/th>\n<th>TWZ<\/th>\n<th>1<\/th>\n<th>2<\/th>\n<th>3<\/th>\n<th>4<\/th>\n<th>5<\/th>\n<th>6<\/th>\n<th>Punkte<\/th>\n<th>SoBerg<\/th>\n<\/tr>\n<tr bgcolor=\"#00FFFF\">\n<td>1.<\/td>\n<td>Goldbeck,Lars<\/td>\n<td>1830<\/td>\n<td>**<\/td>\n<td>\u00bd<\/td>\n<td>1<\/td>\n<td>1<\/td>\n<td>1<\/td>\n<td>1<\/td>\n<td>4.5<\/td>\n<td>8.75<\/td>\n<\/tr>\n<tr bgcolor=\"#00FFFF\">\n<td>2.<\/td>\n<td>Heimb\u00e4cher,Moritz<\/td>\n<td>1793<\/td>\n<td>\u00bd<\/td>\n<td>**<\/td>\n<td>0<\/td>\n<td>1<\/td>\n<td>1<\/td>\n<td>1<\/td>\n<td>3.5<\/td>\n<td>6.75<\/td>\n<\/tr>\n<tr bgcolor=\"#00FFFF\">\n<td>3.<\/td>\n<td>Abdalla,Suhel<\/td>\n<td>1578<\/td>\n<td>0<\/td>\n<td>1<\/td>\n<td>**<\/td>\n<td>0<\/td>\n<td>\u00bd<\/td>\n<td>1<\/td>\n<td>2.5<\/td>\n<td>4.50<\/td>\n<\/tr>\n<tr bgcolor=\"#00FFFF\">\n<td>4.<\/td>\n<td>M\u00fchlhaus,Karl-Her<\/td>\n<td>1567<\/td>\n<td>0<\/td>\n<td>0<\/td>\n<td>1<\/td>\n<td>**<\/td>\n<td>\u00bd<\/td>\n<td>1<\/td>\n<td>2.5<\/td>\n<td>3.50<\/td>\n<\/tr>\n<tr bgcolor=\"#00FFFF\">\n<td>5.<\/td>\n<td>Fischer,Bastian<\/td>\n<td>1616<\/td>\n<td>0<\/td>\n<td>0<\/td>\n<td>\u00bd<\/td>\n<td>\u00bd<\/td>\n<td>**<\/td>\n<td>1<\/td>\n<td>2.0<\/td>\n<td>2.50<\/td>\n<\/tr>\n<tr bgcolor=\"#00FFFF\">\n<td>6.<\/td>\n<td>Bergmann,Reiner<\/td>\n<td>1403<\/td>\n<td>0<\/td>\n<td>0<\/td>\n<td>0<\/td>\n<td>0<\/td>\n<td>0<\/td>\n<td>**<\/td>\n<td>0.0<\/td>\n<td>0.00<\/td>\n<\/tr>\n<\/tbody>\n<\/table>\n<p>Endstand Gruppe B:<\/p>\n<table border=\"2\" cellspacing=\"2\" cellpadding=\"2\" bgcolor=\"#C0C0C0\">\n<tbody>\n<tr>\n<td colspan=\"11\">Rangliste: Stand nach der 5. Runde<\/td>\n<\/tr>\n<tr bgcolor=\"#00FF00\">\n<th>Nr.<\/th>\n<th>Teilnehmer<\/th>\n<th>TWZ<\/th>\n<th>1<\/th>\n<th>2<\/th>\n<th>3<\/th>\n<th>4<\/th>\n<th>5<\/th>\n<th>6<\/th>\n<th>Punkte<\/th>\n<th>SoBerg<\/th>\n<\/tr>\n<tr bgcolor=\"#00FFFF\">\n<td>1.<\/td>\n<td>Piske,Monty-Remo<\/td>\n<td>1230<\/td>\n<td>**<\/td>\n<td>1<\/td>\n<td>1<\/td>\n<td>1<\/td>\n<td>1<\/td>\n<td>1<\/td>\n<td>5.0<\/td>\n<td>10.00<\/td>\n<\/tr>\n<tr bgcolor=\"#00FFFF\">\n<td>2.<\/td>\n<td>Schmitt,Matthias<\/td>\n<td>1241<\/td>\n<td>0<\/td>\n<td>**<\/td>\n<td>1<\/td>\n<td>1<\/td>\n<td>1<\/td>\n<td>1<\/td>\n<td>4.0<\/td>\n<td>6.00<\/td>\n<\/tr>\n<tr bgcolor=\"#00FFFF\">\n<td>3.<\/td>\n<td>J\u00fcngling,Jan<\/td>\n<td>1336<\/td>\n<td>0<\/td>\n<td>0<\/td>\n<td>**<\/td>\n<td>1<\/td>\n<td>1<\/td>\n<td>1<\/td>\n<td>3.0<\/td>\n<td>3.00<\/td>\n<\/tr>\n<tr bgcolor=\"#00FFFF\">\n<td>4.<\/td>\n<td>Bigalke,Gregor<\/td>\n<td>1304<\/td>\n<td>0<\/td>\n<td>0<\/td>\n<td>0<\/td>\n<td>**<\/td>\n<td>1<\/td>\n<td>1<\/td>\n<td>2.0<\/td>\n<td>1.00<\/td>\n<\/tr>\n<tr bgcolor=\"#00FFFF\">\n<td>5.<\/td>\n<td>de Carlo,Furio<\/td>\n<td>1268<\/td>\n<td>0<\/td>\n<td>0<\/td>\n<td>0<\/td>\n<td>0<\/td>\n<td>**<\/td>\n<td>1<\/td>\n<td>1.0<\/td>\n<td>0.00<\/td>\n<\/tr>\n<tr bgcolor=\"#00FFFF\">\n<td>6.<\/td>\n<td>Brune,Manfred<\/td>\n<td>1263<\/td>\n<td>0<\/td>\n<td>0<\/td>\n<td>0<\/td>\n<td>0<\/td>\n<td>0<\/td>\n<td>**<\/td>\n<td>0.0<\/td>\n<td>0.00<\/td>\n<\/tr>\n<\/tbody>\n<\/table>\n","protected":false},"excerpt":{"rendered":"<p>Die Gruppenphase der Vereinsmeisterschaft 2015\/16 ist beendet. In Gruppe A gewinnt souver\u00e4n Lars Goldbeck. Er musste nur ein Remis gegen den Zweitplatzierten Moritz Heimb\u00e4cher abgeben. In Gruppe B siegte Monty-Remo Piske souver\u00e4n mit 5\/5! Herzlichen Gl\u00fcckwunsch. Im Halbfinale treffen nun &#8230; <a class=\"more-link\" href=\"https:\/\/www.scv-jugend.de\/?p=4881\">Read More &raquo;<\/a><\/p>\n","protected":false},"author":11,"featured_media":0,"comment_status":"closed","ping_status":"closed","sticky":false,"template":"","format":"standard","meta":{"footnotes":""},"categories":[4],"tags":[],"class_list":["post-4881","post","type-post","status-publish","format-standard","hentry","category-13-turniere-scv"],"_links":{"self":[{"href":"https:\/\/www.scv-jugend.de\/index.php?rest_route=\/wp\/v2\/posts\/4881","targetHints":{"allow":["GET"]}}],"collection":[{"href":"https:\/\/www.scv-jugend.de\/index.php?rest_route=\/wp\/v2\/posts"}],"about":[{"href":"https:\/\/www.scv-jugend.de\/index.php?rest_route=\/wp\/v2\/types\/post"}],"author":[{"embeddable":true,"href":"https:\/\/www.scv-jugend.de\/index.php?rest_route=\/wp\/v2\/users\/11"}],"replies":[{"embeddable":true,"href":"https:\/\/www.scv-jugend.de\/index.php?rest_route=%2Fwp%2Fv2%2Fcomments&post=4881"}],"version-history":[{"count":3,"href":"https:\/\/www.scv-jugend.de\/index.php?rest_route=\/wp\/v2\/posts\/4881\/revisions"}],"predecessor-version":[{"id":4911,"href":"https:\/\/www.scv-jugend.de\/index.php?rest_route=\/wp\/v2\/posts\/4881\/revisions\/4911"}],"wp:attachment":[{"href":"https:\/\/www.scv-jugend.de\/index.php?rest_route=%2Fwp%2Fv2%2Fmedia&parent=4881"}],"wp:term":[{"taxonomy":"category","embeddable":true,"href":"https:\/\/www.scv-jugend.de\/index.php?rest_route=%2Fwp%2Fv2%2Fcategories&post=4881"},{"taxonomy":"post_tag","embeddable":true,"href":"https:\/\/www.scv-jugend.de\/index.php?rest_route=%2Fwp%2Fv2%2Ftags&post=4881"}],"curies":[{"name":"wp","href":"https:\/\/api.w.org\/{rel}","templated":true}]}}