{"id":4758,"date":"2015-12-13T21:25:53","date_gmt":"2015-12-13T19:25:53","guid":{"rendered":"http:\/\/www.scv-jugend.de\/?p=4758"},"modified":"2018-05-11T08:42:02","modified_gmt":"2018-05-11T06:42:02","slug":"maik-piffczyk-und-lea-roell-gewinnen-den-4-vaterstettener-jugend-pokal-in-der-u10-und-u12","status":"publish","type":"post","link":"https:\/\/www.scv-jugend.de\/?p=4758","title":{"rendered":"Maik Piffczyk und Lea R\u00f6ll gewinnen den 4. Vaterstettener Jugend-Pokal in der U10 und U12!"},"content":{"rendered":"<p>52 Teilnehmer im Jugend-Pokal und 48 Teilnehmer im Amateur-Pokal traten am Sonntag, 13.12.2015 im Gymnasium Vaterstetten zum gro\u00dfen Schachwettkampf an. Damit wurde eine neue Rekordmarke f\u00fcr dieses Turniersystem f\u00fcr die ganze Familie gesetzt! Am Amateur-Pokal nahmen gleich neun V\u00e4ter oder M\u00fctter teil, deren Kinder parallel im Jugend-Pokal oder selbst schon im Amateur-Pokal spielten! Rekordverd\u00e4chtig auch die Frauen-\/M\u00e4dchenquote: 12 M\u00e4dchen spielten im Jugend-Pokal mit, 9 weitere M\u00e4dchen\/Frauen starteten im Amateur-Pokal (21 % Frauenanteil &#8211; ein noch ein Seltenheitswert beim Schach).<\/p>\n<p>Bereits die erste Runde des Jugend-Pokals startete mit einigen \u00dcberraschungen. Gleich sechs Spieler, die schon eine DWZ haben, mussten sich Gegnern geschlagen geben, die bisher noch keine DWZ vorweisen konnten. Durch ihre\u00a0Siege d\u00fcrfen sich die Gewinner nun bald auch \u00fcber eine DWZ (daf\u00fcr sind f\u00fcnf lange Partien gegen Gegner mit DWZ erforderlich) freuen. Nach der dritten Runde standen noch vier Spieler mit der maximalen Ausbeute von 3\/3 an der Spitze: Maik Piffczyk, David Glok, Emily Alferova und Xenia Schmitt. In Runde vier trafen diese Spieler dann direkt aufeinander: Emily musste gegen David ran und Xenia gegen Maik. In beiden Partien setzten sich die Jungs durch, so dass die Entscheidung \u00fcber den Gesamtsieg in Runden f\u00fcnf zwischen Maik und David fiel. Maik unterstrich dabei seinen grandiose Form der letzten Wochen und siegte am Ende souver\u00e4n mit 5\/5 Punkten. Damit sicherte sich Maik Piffczyk den ersten Platz in der U10, gefolgt von David Glok. Dritte wurde Emily Alferova. Da es keine Doppel-Pokale gab, gibt der Pokal f\u00fcr das beste M\u00e4dchen in der U10 an Jana Henning. Spannend wurde es auch in der U12: Hier spielten die beiden M\u00e4dchen des Schachclub Vaterstetten-Grasbrunn, Lea R\u00f6ll und Xenia Schmitt in der letzten Runde gegeneinander. Lea hatte bis dorthin 3,5 Punkte angesammelt, Xenia 3 Punkte. Xenia ben\u00f6tigte einen Sieg um Gesamtsiegerin U12 zu werden, Lea reichte ein halber Punkt. Daher bot Lea trotz Vorteil Remis, was Xenia annahm. Lea gewinnt damit die U12-Wertung vor Stefans Kasims und Julian Klaes. Der Pokal f\u00fcr das beste M\u00e4dchen ging an Xenia.<\/p>\n<p>Wie bereits beim letzten Jugend-Pokal im Juli freuten sich die Kinder \u00fcber die zahlreichen Sachpreise, darunter wieder 30 Snack-Boxen von <a title=\"https:\/\/www.mycouchbox.de\/\" href=\"https:\/\/www.mycouchbox.de\/\">MyCouchbox.de<\/a> .<\/p>\n<p>Nachfolgend die Tabellen.<\/p>\n<table border=\"2\" cellspacing=\"2\" cellpadding=\"2\" bgcolor=\"#C0C0C0\">\n<tbody>\n<tr>\n<td colspan=\"17\">Rangliste: Stand nach der 5. Runde<\/td>\n<\/tr>\n<tr bgcolor=\"#00FF00\">\n<th>Rang<\/th>\n<th>TNr<\/th>\n<th>Teilnehmer<\/th>\n<th>Tit<\/th>\n<th>TWZ<\/th>\n<th>E<\/th>\n<th>A<\/th>\n<th>Verein\/Ort<\/th>\n<th>Lan<\/th>\n<th>G<\/th>\n<th>S<\/th>\n<th>R<\/th>\n<th>V<\/th>\n<th>Punk<\/th>\n<th>Buchh<\/th>\n<th>SoBerg<\/th>\n<th>H.Pa<\/th>\n<\/tr>\n<tr bgcolor=\"#00FFFF\">\n<td>1.<\/td>\n<td>3.<\/td>\n<td>Piffczyk,Maik<\/td>\n<td>U10<\/td>\n<td>955<\/td>\n<td>N<\/td>\n<td>M<\/td>\n<td>SC Garching<\/td>\n<td>&#8211;<\/td>\n<td>5<\/td>\n<td>5<\/td>\n<td>0<\/td>\n<td>0<\/td>\n<td>5.0<\/td>\n<td>17.0<\/td>\n<td>17.00<\/td>\n<td><\/td>\n<\/tr>\n<tr bgcolor=\"#00FFFF\">\n<td>2.<\/td>\n<td>8.<\/td>\n<td>Glok,David<\/td>\n<td>U10<\/td>\n<td>830<\/td>\n<td>N<\/td>\n<td>M<\/td>\n<td>SK M\u00fcnchen S\u00fcdost<\/td>\n<td>&#8211;<\/td>\n<td>5<\/td>\n<td>4<\/td>\n<td>0<\/td>\n<td>1<\/td>\n<td>4.0<\/td>\n<td>17.0<\/td>\n<td>12.00<\/td>\n<td><\/td>\n<\/tr>\n<tr bgcolor=\"#00FFFF\">\n<td>3.<\/td>\n<td>5.<\/td>\n<td>R\u00f6ll,Lea<\/td>\n<td>U12<\/td>\n<td>864<\/td>\n<td>N<\/td>\n<td>W<\/td>\n<td>SC Vaterstetten<\/td>\n<td>&#8211;<\/td>\n<td>5<\/td>\n<td>3<\/td>\n<td>2<\/td>\n<td>0<\/td>\n<td>4.0<\/td>\n<td>14.5<\/td>\n<td>11.00<\/td>\n<td><\/td>\n<\/tr>\n<tr bgcolor=\"#00FFFF\">\n<td>4.<\/td>\n<td>1.<\/td>\n<td>Alferova,Emily<\/td>\n<td>U10<\/td>\n<td>982<\/td>\n<td>N<\/td>\n<td>W<\/td>\n<td>TuS F\u00fcrstenfeldbruck<\/td>\n<td>&#8211;<\/td>\n<td>5<\/td>\n<td>4<\/td>\n<td>0<\/td>\n<td>1<\/td>\n<td>4.0<\/td>\n<td>14.5<\/td>\n<td>10.50<\/td>\n<td><\/td>\n<\/tr>\n<tr bgcolor=\"#00FFFF\">\n<td>5.<\/td>\n<td>29.<\/td>\n<td>Kasims,Stefans<\/td>\n<td>U12<\/td>\n<td><\/td>\n<td><\/td>\n<td>M<\/td>\n<td>SC Kirchseeon<\/td>\n<td>&#8211;<\/td>\n<td>5<\/td>\n<td>4<\/td>\n<td>0<\/td>\n<td>1<\/td>\n<td>4.0<\/td>\n<td>14.5<\/td>\n<td>9.50<\/td>\n<td><\/td>\n<\/tr>\n<tr bgcolor=\"#00FFFF\">\n<td>6.<\/td>\n<td>9.<\/td>\n<td>Klaes,Julian<\/td>\n<td>U12<\/td>\n<td>819<\/td>\n<td>N<\/td>\n<td>M<\/td>\n<td>SK M\u00fcnchen S\u00fcdost<\/td>\n<td>&#8211;<\/td>\n<td>5<\/td>\n<td>4<\/td>\n<td>0<\/td>\n<td>1<\/td>\n<td>4.0<\/td>\n<td>13.5<\/td>\n<td>9.50<\/td>\n<td><\/td>\n<\/tr>\n<tr bgcolor=\"#00FFFF\">\n<td>7.<\/td>\n<td>6.<\/td>\n<td>Schilling,Max<\/td>\n<td>U12<\/td>\n<td>861<\/td>\n<td>N<\/td>\n<td>M<\/td>\n<td>TV Tegernsee<\/td>\n<td>GER<\/td>\n<td>5<\/td>\n<td>4<\/td>\n<td>0<\/td>\n<td>1<\/td>\n<td>4.0<\/td>\n<td>12.0<\/td>\n<td>9.50<\/td>\n<td><\/td>\n<\/tr>\n<tr bgcolor=\"#00FFFF\">\n<td>8.<\/td>\n<td>15.<\/td>\n<td>Zufl\u00fccht,Eric<\/td>\n<td>U12<\/td>\n<td>764<\/td>\n<td>N<\/td>\n<td>M<\/td>\n<td>TuS F\u00fcrstenfeldbruck<\/td>\n<td>&#8211;<\/td>\n<td>5<\/td>\n<td>3<\/td>\n<td>1<\/td>\n<td>1<\/td>\n<td>3.5<\/td>\n<td>16.0<\/td>\n<td>10.00<\/td>\n<td><\/td>\n<\/tr>\n<tr bgcolor=\"#00FFFF\">\n<td>9.<\/td>\n<td>2.<\/td>\n<td>Schmitt,Xenia<\/td>\n<td>U12<\/td>\n<td>958<\/td>\n<td>N<\/td>\n<td>W<\/td>\n<td>SC Vaterstetten<\/td>\n<td>&#8211;<\/td>\n<td>5<\/td>\n<td>3<\/td>\n<td>1<\/td>\n<td>1<\/td>\n<td>3.5<\/td>\n<td>16.0<\/td>\n<td>9.00<\/td>\n<td><\/td>\n<\/tr>\n<tr bgcolor=\"#00FFFF\">\n<td>10.<\/td>\n<td>44.<\/td>\n<td>Henning,Jana<\/td>\n<td>U10<\/td>\n<td><\/td>\n<td><\/td>\n<td>W<\/td>\n<td>SC Garching<\/td>\n<td>&#8211;<\/td>\n<td>5<\/td>\n<td>3<\/td>\n<td>1<\/td>\n<td>1<\/td>\n<td>3.5<\/td>\n<td>14.0<\/td>\n<td>9.75<\/td>\n<td><\/td>\n<\/tr>\n<tr bgcolor=\"#00FFFF\">\n<td>11.<\/td>\n<td>50.<\/td>\n<td>Hoffmann,Alexander<\/td>\n<td>U12<\/td>\n<td><\/td>\n<td><\/td>\n<td>M<\/td>\n<td>SV H\u00f6henkirchen<\/td>\n<td>&#8211;<\/td>\n<td>5<\/td>\n<td>3<\/td>\n<td>1<\/td>\n<td>1<\/td>\n<td>3.5<\/td>\n<td>13.5<\/td>\n<td>8.50<\/td>\n<td><\/td>\n<\/tr>\n<tr bgcolor=\"#00FFFF\">\n<td>12.<\/td>\n<td>7.<\/td>\n<td>Thiemann,Karl<\/td>\n<td>U12<\/td>\n<td>852<\/td>\n<td>N<\/td>\n<td>M<\/td>\n<td>SC Unterhaching<\/td>\n<td>&#8211;<\/td>\n<td>5<\/td>\n<td>3<\/td>\n<td>1<\/td>\n<td>1<\/td>\n<td>3.5<\/td>\n<td>12.5<\/td>\n<td>7.25<\/td>\n<td><\/td>\n<\/tr>\n<tr bgcolor=\"#00FFFF\">\n<td>13.<\/td>\n<td>13.<\/td>\n<td>Sirota,Max<\/td>\n<td>U12<\/td>\n<td>782<\/td>\n<td>N<\/td>\n<td>M<\/td>\n<td>MSA Zugzwang<\/td>\n<td>&#8211;<\/td>\n<td>5<\/td>\n<td>3<\/td>\n<td>0<\/td>\n<td>2<\/td>\n<td>3.0<\/td>\n<td>15.5<\/td>\n<td>8.00<\/td>\n<td><\/td>\n<\/tr>\n<tr bgcolor=\"#00FFFF\">\n<td>14.<\/td>\n<td>14.<\/td>\n<td>Muhina,Liana<\/td>\n<td>U10<\/td>\n<td>766<\/td>\n<td>N<\/td>\n<td>W<\/td>\n<td>SC Garching<\/td>\n<td>&#8211;<\/td>\n<td>5<\/td>\n<td>2<\/td>\n<td>2<\/td>\n<td>1<\/td>\n<td>3.0<\/td>\n<td>15.0<\/td>\n<td>7.75<\/td>\n<td><\/td>\n<\/tr>\n<tr bgcolor=\"#00FFFF\">\n<td>15.<\/td>\n<td>18.<\/td>\n<td>Costa,Martina<\/td>\n<td>U10<\/td>\n<td>749<\/td>\n<td>N<\/td>\n<td>W<\/td>\n<td>SK M\u00fcnchen S\u00fcdost<\/td>\n<td>&#8211;<\/td>\n<td>5<\/td>\n<td>3<\/td>\n<td>0<\/td>\n<td>2<\/td>\n<td>3.0<\/td>\n<td>14.0<\/td>\n<td>6.50<\/td>\n<td><\/td>\n<\/tr>\n<tr bgcolor=\"#00FFFF\">\n<td>16.<\/td>\n<td>17.<\/td>\n<td>Lerchl,Justus<\/td>\n<td>U10<\/td>\n<td>758<\/td>\n<td>N<\/td>\n<td>M<\/td>\n<td>SC Vaterstetten<\/td>\n<td>&#8211;<\/td>\n<td>5<\/td>\n<td>3<\/td>\n<td>0<\/td>\n<td>2<\/td>\n<td>3.0<\/td>\n<td>14.0<\/td>\n<td>6.00<\/td>\n<td><\/td>\n<\/tr>\n<tr bgcolor=\"#00FFFF\">\n<td>17.<\/td>\n<td>42.<\/td>\n<td>Weber,Antti<\/td>\n<td>U12<\/td>\n<td><\/td>\n<td><\/td>\n<td>M<\/td>\n<td>SC Garching<\/td>\n<td>&#8211;<\/td>\n<td>5<\/td>\n<td>3<\/td>\n<td>0<\/td>\n<td>2<\/td>\n<td>3.0<\/td>\n<td>13.5<\/td>\n<td>6.50<\/td>\n<td><\/td>\n<\/tr>\n<tr bgcolor=\"#00FFFF\">\n<td>18.<\/td>\n<td>10.<\/td>\n<td>Schmidt,Merlin<\/td>\n<td>U12<\/td>\n<td>800<\/td>\n<td>N<\/td>\n<td>M<\/td>\n<td>SC Vaterstetten<\/td>\n<td>&#8211;<\/td>\n<td>5<\/td>\n<td>3<\/td>\n<td>0<\/td>\n<td>2<\/td>\n<td>3.0<\/td>\n<td>13.5<\/td>\n<td>6.00<\/td>\n<td><\/td>\n<\/tr>\n<tr bgcolor=\"#00FFFF\">\n<td>19.<\/td>\n<td>25.<\/td>\n<td>Desabhatla,Tanmayi<\/td>\n<td>U12<\/td>\n<td><\/td>\n<td><\/td>\n<td>W<\/td>\n<td>SC Garching<\/td>\n<td>&#8211;<\/td>\n<td>5<\/td>\n<td>3<\/td>\n<td>0<\/td>\n<td>2<\/td>\n<td>3.0<\/td>\n<td>13.0<\/td>\n<td>5.00<\/td>\n<td><\/td>\n<\/tr>\n<tr bgcolor=\"#00FFFF\">\n<td>20.<\/td>\n<td>45.<\/td>\n<td>Andrade,Ruben<\/td>\n<td>U10<\/td>\n<td><\/td>\n<td><\/td>\n<td>M<\/td>\n<td>TV Tegernsee<\/td>\n<td>&#8211;<\/td>\n<td>5<\/td>\n<td>3<\/td>\n<td>0<\/td>\n<td>2<\/td>\n<td>3.0<\/td>\n<td>12.0<\/td>\n<td>6.00<\/td>\n<td><\/td>\n<\/tr>\n<tr bgcolor=\"#00FFFF\">\n<td>21.<\/td>\n<td>39.<\/td>\n<td>Frowein,Katja<\/td>\n<td>U10<\/td>\n<td><\/td>\n<td><\/td>\n<td>W<\/td>\n<td>SC Garching<\/td>\n<td>&#8211;<\/td>\n<td>5<\/td>\n<td>3<\/td>\n<td>0<\/td>\n<td>2<\/td>\n<td>3.0<\/td>\n<td>12.0<\/td>\n<td>5.00<\/td>\n<td><\/td>\n<\/tr>\n<tr bgcolor=\"#00FFFF\">\n<td>22.<\/td>\n<td>21.<\/td>\n<td>Klonov,Sofia<\/td>\n<td>U10<\/td>\n<td>713<\/td>\n<td>N<\/td>\n<td>W<\/td>\n<td>SK M\u00fcnchen S\u00fcdost<\/td>\n<td>&#8211;<\/td>\n<td>5<\/td>\n<td>2<\/td>\n<td>2<\/td>\n<td>1<\/td>\n<td>3.0<\/td>\n<td>11.5<\/td>\n<td>5.25<\/td>\n<td><\/td>\n<\/tr>\n<tr bgcolor=\"#00FFFF\">\n<td>23.<\/td>\n<td>11.<\/td>\n<td>Schilling,Severin<\/td>\n<td>U12<\/td>\n<td>795<\/td>\n<td>N<\/td>\n<td>M<\/td>\n<td>TV Tegernsee<\/td>\n<td>&#8211;<\/td>\n<td>5<\/td>\n<td>3<\/td>\n<td>0<\/td>\n<td>2<\/td>\n<td>3.0<\/td>\n<td>10.0<\/td>\n<td>6.50<\/td>\n<td><\/td>\n<\/tr>\n<tr bgcolor=\"#00FFFF\">\n<td>24.<\/td>\n<td>12.<\/td>\n<td>Schreiner,Kilian<\/td>\n<td>U12<\/td>\n<td>785<\/td>\n<td>N<\/td>\n<td>M<\/td>\n<td>SC Vaterstetten<\/td>\n<td>&#8211;<\/td>\n<td>5<\/td>\n<td>2<\/td>\n<td>1<\/td>\n<td>2<\/td>\n<td>2.5<\/td>\n<td>15.5<\/td>\n<td>5.25<\/td>\n<td><\/td>\n<\/tr>\n<tr bgcolor=\"#00FFFF\">\n<td>25.<\/td>\n<td>32.<\/td>\n<td>Holzer,Alexander<\/td>\n<td>U10<\/td>\n<td><\/td>\n<td><\/td>\n<td>M<\/td>\n<td>TV Tegernsee<\/td>\n<td>&#8211;<\/td>\n<td>5<\/td>\n<td>2<\/td>\n<td>1<\/td>\n<td>2<\/td>\n<td>2.5<\/td>\n<td>15.0<\/td>\n<td>7.25<\/td>\n<td><\/td>\n<\/tr>\n<tr bgcolor=\"#00FFFF\">\n<td>26.<\/td>\n<td>31.<\/td>\n<td>Lang,Andreas<\/td>\n<td>U12<\/td>\n<td><\/td>\n<td><\/td>\n<td>M<\/td>\n<td>SF Deisenhofen<\/td>\n<td>&#8211;<\/td>\n<td>5<\/td>\n<td>2<\/td>\n<td>1<\/td>\n<td>2<\/td>\n<td>2.5<\/td>\n<td>15.0<\/td>\n<td>6.25<\/td>\n<td><\/td>\n<\/tr>\n<tr bgcolor=\"#00FFFF\">\n<td>27.<\/td>\n<td>49.<\/td>\n<td>Conroy, Liam<\/td>\n<td>U12<\/td>\n<td><\/td>\n<td><\/td>\n<td>M<\/td>\n<td>SC Garching<\/td>\n<td><\/td>\n<td>5<\/td>\n<td>2<\/td>\n<td>1<\/td>\n<td>2<\/td>\n<td>2.5<\/td>\n<td>12.0<\/td>\n<td>3.75<\/td>\n<td><\/td>\n<\/tr>\n<tr bgcolor=\"#00FFFF\">\n<td>28.<\/td>\n<td>52.<\/td>\n<td>Hegel, Timo<\/td>\n<td>U10<\/td>\n<td><\/td>\n<td><\/td>\n<td>M<\/td>\n<td>vereinslos<\/td>\n<td><\/td>\n<td>5<\/td>\n<td>2<\/td>\n<td>1<\/td>\n<td>2<\/td>\n<td>2.5<\/td>\n<td>11.5<\/td>\n<td>3.50<\/td>\n<td><\/td>\n<\/tr>\n<tr bgcolor=\"#00FFFF\">\n<td>29.<\/td>\n<td>16.<\/td>\n<td>Kalkbrenner,Linus<\/td>\n<td>U12<\/td>\n<td>762<\/td>\n<td>N<\/td>\n<td>M<\/td>\n<td>SC Vaterstetten<\/td>\n<td>&#8211;<\/td>\n<td>5<\/td>\n<td>2<\/td>\n<td>1<\/td>\n<td>2<\/td>\n<td>2.5<\/td>\n<td>10.5<\/td>\n<td>3.50<\/td>\n<td><\/td>\n<\/tr>\n<tr bgcolor=\"#00FFFF\">\n<td>30.<\/td>\n<td>4.<\/td>\n<td>M\u00fcnker,Robin<\/td>\n<td>U10<\/td>\n<td>876<\/td>\n<td>N<\/td>\n<td>M<\/td>\n<td>TuS F\u00fcrstenfeldbruck<\/td>\n<td>&#8211;<\/td>\n<td>5<\/td>\n<td>2<\/td>\n<td>1<\/td>\n<td>2<\/td>\n<td>2.5<\/td>\n<td>9.0<\/td>\n<td>3.50<\/td>\n<td><\/td>\n<\/tr>\n<tr bgcolor=\"#00FFFF\">\n<td>31.<\/td>\n<td>37.<\/td>\n<td>Spreen,Merle<\/td>\n<td>U12<\/td>\n<td><\/td>\n<td><\/td>\n<td>W<\/td>\n<td>SC Vaterstetten<\/td>\n<td>&#8211;<\/td>\n<td>5<\/td>\n<td>2<\/td>\n<td>0<\/td>\n<td>3<\/td>\n<td>2.0<\/td>\n<td>15.0<\/td>\n<td>5.00<\/td>\n<td><\/td>\n<\/tr>\n<tr bgcolor=\"#00FFFF\">\n<td>32.<\/td>\n<td>30.<\/td>\n<td>Kolb,Andreas<\/td>\n<td>U12<\/td>\n<td><\/td>\n<td><\/td>\n<td>M<\/td>\n<td>SV H\u00f6henkirchen<\/td>\n<td>&#8211;<\/td>\n<td>5<\/td>\n<td>2<\/td>\n<td>0<\/td>\n<td>3<\/td>\n<td>2.0<\/td>\n<td>15.0<\/td>\n<td>4.00<\/td>\n<td><\/td>\n<\/tr>\n<tr bgcolor=\"#00FFFF\">\n<td>33.<\/td>\n<td>34.<\/td>\n<td>Promeuschel,Oskar<\/td>\n<td>U10<\/td>\n<td><\/td>\n<td><\/td>\n<td>M<\/td>\n<td>SC Vaterstetten<\/td>\n<td>&#8211;<\/td>\n<td>5<\/td>\n<td>1<\/td>\n<td>2<\/td>\n<td>2<\/td>\n<td>2.0<\/td>\n<td>12.5<\/td>\n<td>3.00<\/td>\n<td><\/td>\n<\/tr>\n<tr bgcolor=\"#00FFFF\">\n<td>34.<\/td>\n<td>20.<\/td>\n<td>Hagn,Severin<\/td>\n<td>U10<\/td>\n<td>737<\/td>\n<td>N<\/td>\n<td>M<\/td>\n<td>TV Tegernsee<\/td>\n<td>&#8211;<\/td>\n<td>5<\/td>\n<td>2<\/td>\n<td>0<\/td>\n<td>3<\/td>\n<td>2.0<\/td>\n<td>12.0<\/td>\n<td>3.00<\/td>\n<td><\/td>\n<\/tr>\n<tr bgcolor=\"#00FFFF\">\n<td>35.<\/td>\n<td>24.<\/td>\n<td>Zimmer,Sebastian<\/td>\n<td>U10<\/td>\n<td><\/td>\n<td><\/td>\n<td>M<\/td>\n<td>SC Garching<\/td>\n<td>&#8211;<\/td>\n<td>5<\/td>\n<td>2<\/td>\n<td>0<\/td>\n<td>3<\/td>\n<td>2.0<\/td>\n<td>12.0<\/td>\n<td>2.50<\/td>\n<td><\/td>\n<\/tr>\n<tr bgcolor=\"#00FFFF\">\n<td>36.<\/td>\n<td>22.<\/td>\n<td>Grunert,Heinrich<\/td>\n<td>U10<\/td>\n<td><\/td>\n<td><\/td>\n<td>M<\/td>\n<td>SK M\u00fcnchen S\u00fcdost<\/td>\n<td>GER<\/td>\n<td>5<\/td>\n<td>2<\/td>\n<td>0<\/td>\n<td>3<\/td>\n<td>2.0<\/td>\n<td>11.5<\/td>\n<td>4.00<\/td>\n<td><\/td>\n<\/tr>\n<tr bgcolor=\"#00FFFF\">\n<td>37.<\/td>\n<td>46.<\/td>\n<td>Lanzend\u00f6rfer,Jonatha<\/td>\n<td>U10<\/td>\n<td><\/td>\n<td><\/td>\n<td>M<\/td>\n<td>SC Vaterstetten<\/td>\n<td>&#8211;<\/td>\n<td>5<\/td>\n<td>2<\/td>\n<td>0<\/td>\n<td>3<\/td>\n<td>2.0<\/td>\n<td>11.0<\/td>\n<td>2.00<\/td>\n<td><\/td>\n<\/tr>\n<tr bgcolor=\"#00FFFF\">\n<td>38.<\/td>\n<td>41.<\/td>\n<td>Fachin,Enrico<\/td>\n<td>U10<\/td>\n<td><\/td>\n<td><\/td>\n<td>M<\/td>\n<td>SK M\u00fcnchen S\u00fcdost<\/td>\n<td>&#8211;<\/td>\n<td>5<\/td>\n<td>2<\/td>\n<td>0<\/td>\n<td>3<\/td>\n<td>2.0<\/td>\n<td>10.5<\/td>\n<td>2.00<\/td>\n<td><\/td>\n<\/tr>\n<tr bgcolor=\"#00FFFF\">\n<td>39.<\/td>\n<td>38.<\/td>\n<td>Frieske,S\u00f6ren<\/td>\n<td>U10<\/td>\n<td><\/td>\n<td><\/td>\n<td>M<\/td>\n<td>SC Vaterstetten<\/td>\n<td>&#8211;<\/td>\n<td>5<\/td>\n<td>2<\/td>\n<td>0<\/td>\n<td>3<\/td>\n<td>2.0<\/td>\n<td>9.5<\/td>\n<td>2.00<\/td>\n<td><\/td>\n<\/tr>\n<tr bgcolor=\"#00FFFF\">\n<td>40.<\/td>\n<td>35.<\/td>\n<td>Batchvarov,Julian<\/td>\n<td>U10<\/td>\n<td><\/td>\n<td><\/td>\n<td>M<\/td>\n<td>SC Garching<\/td>\n<td>&#8211;<\/td>\n<td>5<\/td>\n<td>1<\/td>\n<td>1<\/td>\n<td>3<\/td>\n<td>1.5<\/td>\n<td>14.0<\/td>\n<td>3.75<\/td>\n<td><\/td>\n<\/tr>\n<tr bgcolor=\"#00FFFF\">\n<td>41.<\/td>\n<td>51.<\/td>\n<td>M\u00fcller, Andreas<\/td>\n<td>U10<\/td>\n<td><\/td>\n<td><\/td>\n<td>M<\/td>\n<td>vereinslos<\/td>\n<td><\/td>\n<td>5<\/td>\n<td>1<\/td>\n<td>1<\/td>\n<td>3<\/td>\n<td>1.5<\/td>\n<td>12.0<\/td>\n<td>1.75<\/td>\n<td><\/td>\n<\/tr>\n<tr bgcolor=\"#00FFFF\">\n<td>42.<\/td>\n<td>36.<\/td>\n<td>Karpen,Jakob<\/td>\n<td>U10<\/td>\n<td><\/td>\n<td><\/td>\n<td>M<\/td>\n<td>SC Vaterstetten<\/td>\n<td>&#8211;<\/td>\n<td>5<\/td>\n<td>1<\/td>\n<td>1<\/td>\n<td>3<\/td>\n<td>1.5<\/td>\n<td>11.0<\/td>\n<td>1.75<\/td>\n<td><\/td>\n<\/tr>\n<tr bgcolor=\"#00FFFF\">\n<td>43.<\/td>\n<td>48.<\/td>\n<td>Ter-Nikoghosyan,Nare<\/td>\n<td>U12<\/td>\n<td><\/td>\n<td><\/td>\n<td>M<\/td>\n<td>TuS F\u00fcrstenfeldbruck<\/td>\n<td>&#8211;<\/td>\n<td>5<\/td>\n<td>1<\/td>\n<td>1<\/td>\n<td>3<\/td>\n<td>1.5<\/td>\n<td>10.5<\/td>\n<td>2.75<\/td>\n<td><\/td>\n<\/tr>\n<tr bgcolor=\"#00FFFF\">\n<td>44.<\/td>\n<td>43.<\/td>\n<td>Sakic,Daniel<\/td>\n<td>U12<\/td>\n<td><\/td>\n<td><\/td>\n<td>M<\/td>\n<td>SC Vaterstetten<\/td>\n<td>&#8211;<\/td>\n<td>5<\/td>\n<td>1<\/td>\n<td>1<\/td>\n<td>3<\/td>\n<td>1.5<\/td>\n<td>10.0<\/td>\n<td>1.50<\/td>\n<td><\/td>\n<\/tr>\n<tr bgcolor=\"#00FFFF\">\n<td>45.<\/td>\n<td>33.<\/td>\n<td>Thieme, Hanno<\/td>\n<td>U10<\/td>\n<td><\/td>\n<td><\/td>\n<td>M<\/td>\n<td>SG Schwabing M\u00fcnchen<\/td>\n<td><\/td>\n<td>5<\/td>\n<td>1<\/td>\n<td>0<\/td>\n<td>4<\/td>\n<td>1.0<\/td>\n<td>13.0<\/td>\n<td>1.00<\/td>\n<td><\/td>\n<\/tr>\n<tr bgcolor=\"#00FFFF\">\n<td>46.<\/td>\n<td>27.<\/td>\n<td>Fachin, Sara<\/td>\n<td>U10<\/td>\n<td><\/td>\n<td><\/td>\n<td>W<\/td>\n<td>SK M\u00fcnchen S\u00fcdost<\/td>\n<td><\/td>\n<td>5<\/td>\n<td>1<\/td>\n<td>0<\/td>\n<td>4<\/td>\n<td>1.0<\/td>\n<td>10.5<\/td>\n<td>1.00<\/td>\n<td><\/td>\n<\/tr>\n<tr bgcolor=\"#00FFFF\">\n<td>47.<\/td>\n<td>28.<\/td>\n<td>Lanzend\u00f6rfer,Jasper-<\/td>\n<td>U10<\/td>\n<td><\/td>\n<td><\/td>\n<td>M<\/td>\n<td>SC Vaterstetten<\/td>\n<td>&#8211;<\/td>\n<td>5<\/td>\n<td>0<\/td>\n<td>2<\/td>\n<td>3<\/td>\n<td>1.0<\/td>\n<td>10.5<\/td>\n<td>1.00<\/td>\n<td><\/td>\n<\/tr>\n<tr bgcolor=\"#00FFFF\">\n<td>48.<\/td>\n<td>26.<\/td>\n<td>Fachin,Lara<\/td>\n<td>U12<\/td>\n<td><\/td>\n<td><\/td>\n<td>W<\/td>\n<td>SK M\u00fcnchen S\u00fcdost<\/td>\n<td>&#8211;<\/td>\n<td>5<\/td>\n<td>1<\/td>\n<td>0<\/td>\n<td>4<\/td>\n<td>1.0<\/td>\n<td>9.0<\/td>\n<td>1.00<\/td>\n<td><\/td>\n<\/tr>\n<tr bgcolor=\"#00FFFF\">\n<td>49.<\/td>\n<td>19.<\/td>\n<td>Nutz,Korbinian<\/td>\n<td>U10<\/td>\n<td>749<\/td>\n<td>N<\/td>\n<td>M<\/td>\n<td>TV Tegernsee<\/td>\n<td>&#8211;<\/td>\n<td>4<\/td>\n<td>1<\/td>\n<td>0<\/td>\n<td>3<\/td>\n<td>1.0<\/td>\n<td>8.0<\/td>\n<td>0.50<\/td>\n<td><\/td>\n<\/tr>\n<tr bgcolor=\"#00FFFF\">\n<td>49.<\/td>\n<td>23.<\/td>\n<td>Koslowsky,Egor<\/td>\n<td>U10<\/td>\n<td><\/td>\n<td><\/td>\n<td>M<\/td>\n<td>SC Vaterstetten<\/td>\n<td>&#8211;<\/td>\n<td>5<\/td>\n<td>1<\/td>\n<td>0<\/td>\n<td>4<\/td>\n<td>1.0<\/td>\n<td>8.0<\/td>\n<td>0.50<\/td>\n<td><\/td>\n<\/tr>\n<tr bgcolor=\"#00FFFF\">\n<td>51.<\/td>\n<td>40.<\/td>\n<td>R\u00f6ll,Lorenz<\/td>\n<td>U10<\/td>\n<td><\/td>\n<td><\/td>\n<td>M<\/td>\n<td>SC Vaterstetten<\/td>\n<td>&#8211;<\/td>\n<td>5<\/td>\n<td>1<\/td>\n<td>0<\/td>\n<td>4<\/td>\n<td>1.0<\/td>\n<td>7.0<\/td>\n<td>0.00<\/td>\n<td><\/td>\n<\/tr>\n<tr bgcolor=\"#00FFFF\">\n<td>52.<\/td>\n<td>47.<\/td>\n<td>Kast,Christian<\/td>\n<td>U10<\/td>\n<td><\/td>\n<td><\/td>\n<td>M<\/td>\n<td>SK Markt Schwaben<\/td>\n<td>&#8211;<\/td>\n<td>5<\/td>\n<td>0<\/td>\n<td>1<\/td>\n<td>4<\/td>\n<td>0.5<\/td>\n<td>8.0<\/td>\n<td>0.50<\/td>\n<td><\/td>\n<\/tr>\n<\/tbody>\n<\/table>\n<p>&nbsp;<\/p>\n<table border=\"2\" cellspacing=\"2\" cellpadding=\"2\" bgcolor=\"#C0C0C0\">\n<tbody>\n<tr>\n<td colspan=\"12\">Fortschrittstabelle: Stand nach der 5. Runde (nach Rangliste)<\/td>\n<\/tr>\n<tr bgcolor=\"#00FF00\">\n<th>Nr.<\/th>\n<th>Teilnehmer<\/th>\n<th>ELO<\/th>\n<th>NWZ<\/th>\n<th>1<\/th>\n<th>2<\/th>\n<th>3<\/th>\n<th>4<\/th>\n<th>5<\/th>\n<th>Punkte<\/th>\n<th>Buchh<\/th>\n<th>SoBerg<\/th>\n<\/tr>\n<tr bgcolor=\"#00FFFF\">\n<td>1.<\/td>\n<td>Piffczyk,Maik<\/td>\n<td><\/td>\n<td>955<\/td>\n<td>5W1<\/td>\n<td>19S1<\/td>\n<td>24W1<\/td>\n<td>9S1<\/td>\n<td>2W1<\/td>\n<td>5.0<\/td>\n<td>17.0<\/td>\n<td>17.00<\/td>\n<\/tr>\n<tr bgcolor=\"#00FFFF\">\n<td>2.<\/td>\n<td>Glok,David<\/td>\n<td><\/td>\n<td>830<\/td>\n<td>33S1<\/td>\n<td>17W1<\/td>\n<td>16S1<\/td>\n<td>4W1<\/td>\n<td>1S0<\/td>\n<td>4.0<\/td>\n<td>17.0<\/td>\n<td>12.00<\/td>\n<\/tr>\n<tr bgcolor=\"#00FFFF\">\n<td>3.<\/td>\n<td>R\u00f6ll,Lea<\/td>\n<td><\/td>\n<td>864<\/td>\n<td>26W1<\/td>\n<td>32S1<\/td>\n<td>8W\u00bd<\/td>\n<td>14S1<\/td>\n<td>9W\u00bd<\/td>\n<td>4.0<\/td>\n<td>14.5<\/td>\n<td>11.00<\/td>\n<\/tr>\n<tr bgcolor=\"#00FFFF\">\n<td>4.<\/td>\n<td>Alferova,Emily<\/td>\n<td><\/td>\n<td>982<\/td>\n<td>46W1<\/td>\n<td>34S1<\/td>\n<td>6W1<\/td>\n<td>2S0<\/td>\n<td>8W1<\/td>\n<td>4.0<\/td>\n<td>14.5<\/td>\n<td>10.50<\/td>\n<\/tr>\n<tr bgcolor=\"#00FFFF\">\n<td>5.<\/td>\n<td>Kasims,Stefans<\/td>\n<td><\/td>\n<td><\/td>\n<td>1S0<\/td>\n<td>41W1<\/td>\n<td>37S1<\/td>\n<td>16W1<\/td>\n<td>18W1<\/td>\n<td>4.0<\/td>\n<td>14.5<\/td>\n<td>9.50<\/td>\n<\/tr>\n<tr bgcolor=\"#00FFFF\">\n<td>6.<\/td>\n<td>Klaes,Julian<\/td>\n<td><\/td>\n<td>819<\/td>\n<td>40W1<\/td>\n<td>31S1<\/td>\n<td>4S0<\/td>\n<td>21W1<\/td>\n<td>15W1<\/td>\n<td>4.0<\/td>\n<td>13.5<\/td>\n<td>9.50<\/td>\n<\/tr>\n<tr bgcolor=\"#00FFFF\">\n<td>7.<\/td>\n<td>Schilling,Max<\/td>\n<td><\/td>\n<td>861<\/td>\n<td>25S0<\/td>\n<td>45W1<\/td>\n<td>12S1<\/td>\n<td>32W1<\/td>\n<td>13S1<\/td>\n<td>4.0<\/td>\n<td>12.0<\/td>\n<td>9.50<\/td>\n<\/tr>\n<tr bgcolor=\"#00FFFF\">\n<td>8.<\/td>\n<td>Zufl\u00fccht,Eric<\/td>\n<td><\/td>\n<td>764<\/td>\n<td>38W1<\/td>\n<td>27S1<\/td>\n<td>3S\u00bd<\/td>\n<td>11W1<\/td>\n<td>4S0<\/td>\n<td>3.5<\/td>\n<td>16.0<\/td>\n<td>10.00<\/td>\n<\/tr>\n<tr bgcolor=\"#00FFFF\">\n<td>9.<\/td>\n<td>Schmitt,Xenia<\/td>\n<td><\/td>\n<td>958<\/td>\n<td>47S1<\/td>\n<td>22W1<\/td>\n<td>13S1<\/td>\n<td>1W0<\/td>\n<td>3S\u00bd<\/td>\n<td>3.5<\/td>\n<td>16.0<\/td>\n<td>9.00<\/td>\n<\/tr>\n<tr bgcolor=\"#00FFFF\">\n<td>10.<\/td>\n<td>Henning,Jana<\/td>\n<td><\/td>\n<td><\/td>\n<td>15W1<\/td>\n<td>18S1<\/td>\n<td>14W0<\/td>\n<td>24S\u00bd<\/td>\n<td>26W1<\/td>\n<td>3.5<\/td>\n<td>14.0<\/td>\n<td>9.75<\/td>\n<\/tr>\n<tr bgcolor=\"#00FFFF\">\n<td>11.<\/td>\n<td>Hoffmann,Alexande<\/td>\n<td><\/td>\n<td><\/td>\n<td>35W1<\/td>\n<td>14S\u00bd<\/td>\n<td>25W1<\/td>\n<td>8S0<\/td>\n<td>24W1<\/td>\n<td>3.5<\/td>\n<td>13.5<\/td>\n<td>8.50<\/td>\n<\/tr>\n<tr bgcolor=\"#00FFFF\">\n<td>12.<\/td>\n<td>Thiemann,Karl<\/td>\n<td><\/td>\n<td>852<\/td>\n<td>45W1<\/td>\n<td>25S\u00bd<\/td>\n<td>7W0<\/td>\n<td>27S1<\/td>\n<td>28W1<\/td>\n<td>3.5<\/td>\n<td>12.5<\/td>\n<td>7.25<\/td>\n<\/tr>\n<tr bgcolor=\"#00FFFF\">\n<td>13.<\/td>\n<td>Sirota,Max<\/td>\n<td><\/td>\n<td>782<\/td>\n<td>21W1<\/td>\n<td>20S1<\/td>\n<td>9W0<\/td>\n<td>35S1<\/td>\n<td>7W0<\/td>\n<td>3.0<\/td>\n<td>15.5<\/td>\n<td>8.00<\/td>\n<\/tr>\n<tr bgcolor=\"#00FFFF\">\n<td>14.<\/td>\n<td>Muhina,Liana<\/td>\n<td><\/td>\n<td>766<\/td>\n<td>51S1<\/td>\n<td>11W\u00bd<\/td>\n<td>10S1<\/td>\n<td>3W0<\/td>\n<td>22S\u00bd<\/td>\n<td>3.0<\/td>\n<td>15.0<\/td>\n<td>7.75<\/td>\n<\/tr>\n<tr bgcolor=\"#00FFFF\">\n<td>15.<\/td>\n<td>Costa,Martina<\/td>\n<td><\/td>\n<td>749<\/td>\n<td>10S0<\/td>\n<td>42W1<\/td>\n<td>31S1<\/td>\n<td>20W1<\/td>\n<td>6S0<\/td>\n<td>3.0<\/td>\n<td>14.0<\/td>\n<td>6.50<\/td>\n<\/tr>\n<tr bgcolor=\"#00FFFF\">\n<td>16.<\/td>\n<td>Lerchl,Justus<\/td>\n<td><\/td>\n<td>758<\/td>\n<td>44W1<\/td>\n<td>28S1<\/td>\n<td>2W0<\/td>\n<td>5S0<\/td>\n<td>31W1<\/td>\n<td>3.0<\/td>\n<td>14.0<\/td>\n<td>6.00<\/td>\n<\/tr>\n<tr bgcolor=\"#00FFFF\">\n<td>17.<\/td>\n<td>Weber,Antti<\/td>\n<td><\/td>\n<td><\/td>\n<td>29W1<\/td>\n<td>2S0<\/td>\n<td>36W1<\/td>\n<td>18S0<\/td>\n<td>35W1<\/td>\n<td>3.0<\/td>\n<td>13.5<\/td>\n<td>6.50<\/td>\n<\/tr>\n<tr bgcolor=\"#00FFFF\">\n<td>18.<\/td>\n<td>Schmidt,Merlin<\/td>\n<td><\/td>\n<td>800<\/td>\n<td>42S1<\/td>\n<td>10W0<\/td>\n<td>40S1<\/td>\n<td>17W1<\/td>\n<td>5S0<\/td>\n<td>3.0<\/td>\n<td>13.5<\/td>\n<td>6.00<\/td>\n<\/tr>\n<tr bgcolor=\"#00FFFF\">\n<td>19.<\/td>\n<td>Desabhatla,Tanmay<\/td>\n<td><\/td>\n<td><\/td>\n<td>41W1<\/td>\n<td>1W0<\/td>\n<td>20S0<\/td>\n<td>44S1<\/td>\n<td>37W1<\/td>\n<td>3.0<\/td>\n<td>13.0<\/td>\n<td>5.00<\/td>\n<\/tr>\n<tr bgcolor=\"#00FFFF\">\n<td>20.<\/td>\n<td>Andrade,Ruben<\/td>\n<td><\/td>\n<td><\/td>\n<td>49S1<\/td>\n<td>13W0<\/td>\n<td>19W1<\/td>\n<td>15S0<\/td>\n<td>32S1<\/td>\n<td>3.0<\/td>\n<td>12.0<\/td>\n<td>6.00<\/td>\n<\/tr>\n<tr bgcolor=\"#00FFFF\">\n<td>21.<\/td>\n<td>Frowein,Katja<\/td>\n<td><\/td>\n<td><\/td>\n<td>13S0<\/td>\n<td>49W1<\/td>\n<td>34W1<\/td>\n<td>6S0<\/td>\n<td>36W1<\/td>\n<td>3.0<\/td>\n<td>12.0<\/td>\n<td>5.00<\/td>\n<\/tr>\n<tr bgcolor=\"#00FFFF\">\n<td>22.<\/td>\n<td>Klonov,Sofia<\/td>\n<td><\/td>\n<td>713<\/td>\n<td>52W1<\/td>\n<td>9S0<\/td>\n<td>38W1<\/td>\n<td>28S\u00bd<\/td>\n<td>14W\u00bd<\/td>\n<td>3.0<\/td>\n<td>11.5<\/td>\n<td>5.25<\/td>\n<\/tr>\n<tr bgcolor=\"#00FFFF\">\n<td>23.<\/td>\n<td>Schilling,Severin<\/td>\n<td><\/td>\n<td>795<\/td>\n<td>31W0<\/td>\n<td>40S0<\/td>\n<td>29W1<\/td>\n<td>39S1<\/td>\n<td>33W1<\/td>\n<td>3.0<\/td>\n<td>10.0<\/td>\n<td>6.50<\/td>\n<\/tr>\n<tr bgcolor=\"#00FFFF\">\n<td>24.<\/td>\n<td>Schreiner,Kilian<\/td>\n<td><\/td>\n<td>785<\/td>\n<td>39S1<\/td>\n<td>43W1<\/td>\n<td>1S0<\/td>\n<td>10W\u00bd<\/td>\n<td>11S0<\/td>\n<td>2.5<\/td>\n<td>15.5<\/td>\n<td>5.25<\/td>\n<\/tr>\n<tr bgcolor=\"#00FFFF\">\n<td>25.<\/td>\n<td>Holzer,Alexander<\/td>\n<td><\/td>\n<td><\/td>\n<td>7W1<\/td>\n<td>12W\u00bd<\/td>\n<td>11S0<\/td>\n<td>26S0<\/td>\n<td>41W1<\/td>\n<td>2.5<\/td>\n<td>15.0<\/td>\n<td>7.25<\/td>\n<\/tr>\n<tr bgcolor=\"#00FFFF\">\n<td>26.<\/td>\n<td>Lang,Andreas<\/td>\n<td><\/td>\n<td><\/td>\n<td>3S0<\/td>\n<td>30S1<\/td>\n<td>27W\u00bd<\/td>\n<td>25W1<\/td>\n<td>10S0<\/td>\n<td>2.5<\/td>\n<td>15.0<\/td>\n<td>6.25<\/td>\n<\/tr>\n<tr bgcolor=\"#00FFFF\">\n<td>27.<\/td>\n<td>Conroy, Liam<\/td>\n<td><\/td>\n<td><\/td>\n<td>50S1<\/td>\n<td>8W0<\/td>\n<td>26S\u00bd<\/td>\n<td>12W0<\/td>\n<td>40S1<\/td>\n<td>2.5<\/td>\n<td>12.0<\/td>\n<td>3.75<\/td>\n<\/tr>\n<tr bgcolor=\"#00FFFF\">\n<td>28.<\/td>\n<td>Hegel, Timo<\/td>\n<td><\/td>\n<td><\/td>\n<td>48W1<\/td>\n<td>16W0<\/td>\n<td>47S1<\/td>\n<td>22W\u00bd<\/td>\n<td>12S0<\/td>\n<td>2.5<\/td>\n<td>11.5<\/td>\n<td>3.50<\/td>\n<\/tr>\n<tr bgcolor=\"#00FFFF\">\n<td>29.<\/td>\n<td>Kalkbrenner,Linus<\/td>\n<td><\/td>\n<td>762<\/td>\n<td>17S0<\/td>\n<td>33W\u00bd<\/td>\n<td>23S0<\/td>\n<td>47W1<\/td>\n<td>43S1<\/td>\n<td>2.5<\/td>\n<td>10.5<\/td>\n<td>3.50<\/td>\n<\/tr>\n<tr bgcolor=\"#00FFFF\">\n<td>30.<\/td>\n<td>M\u00fcnker,Robin<\/td>\n<td><\/td>\n<td>876<\/td>\n<td>32S0<\/td>\n<td>26W0<\/td>\n<td>45S1<\/td>\n<td>33W\u00bd<\/td>\n<td>42S1<\/td>\n<td>2.5<\/td>\n<td>9.0<\/td>\n<td>3.50<\/td>\n<\/tr>\n<tr bgcolor=\"#00FFFF\">\n<td>31.<\/td>\n<td>Spreen,Merle<\/td>\n<td><\/td>\n<td><\/td>\n<td>23S1<\/td>\n<td>6W0<\/td>\n<td>15W0<\/td>\n<td>34S1<\/td>\n<td>16S0<\/td>\n<td>2.0<\/td>\n<td>15.0<\/td>\n<td>5.00<\/td>\n<\/tr>\n<tr bgcolor=\"#00FFFF\">\n<td>32.<\/td>\n<td>Kolb,Andreas<\/td>\n<td><\/td>\n<td><\/td>\n<td>30W1<\/td>\n<td>3W0<\/td>\n<td>43S1<\/td>\n<td>7S0<\/td>\n<td>20W0<\/td>\n<td>2.0<\/td>\n<td>15.0<\/td>\n<td>4.00<\/td>\n<\/tr>\n<tr bgcolor=\"#00FFFF\">\n<td>33.<\/td>\n<td>Promeuschel,Oskar<\/td>\n<td><\/td>\n<td><\/td>\n<td>2W0<\/td>\n<td>29S\u00bd<\/td>\n<td>52W1<\/td>\n<td>30S\u00bd<\/td>\n<td>23S0<\/td>\n<td>2.0<\/td>\n<td>12.5<\/td>\n<td>3.00<\/td>\n<\/tr>\n<tr bgcolor=\"#00FFFF\">\n<td>34.<\/td>\n<td>Hagn,Severin<\/td>\n<td><\/td>\n<td>737<\/td>\n<td>37S1<\/td>\n<td>4W0<\/td>\n<td>21S0<\/td>\n<td>31W0<\/td>\n<td>45W1<\/td>\n<td>2.0<\/td>\n<td>12.0<\/td>\n<td>3.00<\/td>\n<\/tr>\n<tr bgcolor=\"#00FFFF\">\n<td>35.<\/td>\n<td>Zimmer,Sebastian<\/td>\n<td><\/td>\n<td><\/td>\n<td>11S0<\/td>\n<td>51W1<\/td>\n<td>44S1<\/td>\n<td>13W0<\/td>\n<td>17S0<\/td>\n<td>2.0<\/td>\n<td>12.0<\/td>\n<td>2.50<\/td>\n<\/tr>\n<tr bgcolor=\"#00FFFF\">\n<td>36.<\/td>\n<td>Grunert,Heinrich<\/td>\n<td><\/td>\n<td><\/td>\n<td>43S0<\/td>\n<td>39W1<\/td>\n<td>17S0<\/td>\n<td>38W1<\/td>\n<td>21S0<\/td>\n<td>2.0<\/td>\n<td>11.5<\/td>\n<td>4.00<\/td>\n<\/tr>\n<tr bgcolor=\"#00FFFF\">\n<td>37.<\/td>\n<td>Lanzend\u00f6rfer,Jona<\/td>\n<td><\/td>\n<td><\/td>\n<td>34W0<\/td>\n<td>46S1<\/td>\n<td>5W0<\/td>\n<td>48S1<\/td>\n<td>19S0<\/td>\n<td>2.0<\/td>\n<td>11.0<\/td>\n<td>2.00<\/td>\n<\/tr>\n<tr bgcolor=\"#00FFFF\">\n<td>38.<\/td>\n<td>Fachin,Enrico<\/td>\n<td><\/td>\n<td><\/td>\n<td>8S0<\/td>\n<td>50W1<\/td>\n<td>22S0<\/td>\n<td>36S0<\/td>\n<td>46W1<\/td>\n<td>2.0<\/td>\n<td>10.5<\/td>\n<td>2.00<\/td>\n<\/tr>\n<tr bgcolor=\"#00FFFF\">\n<td>39.<\/td>\n<td>Frieske,S\u00f6ren<\/td>\n<td><\/td>\n<td><\/td>\n<td>24W0<\/td>\n<td>36S0<\/td>\n<td>50S1<\/td>\n<td>23W0<\/td>\n<td>48W1<\/td>\n<td>2.0<\/td>\n<td>9.5<\/td>\n<td>2.00<\/td>\n<\/tr>\n<tr bgcolor=\"#00FFFF\">\n<td>40.<\/td>\n<td>Batchvarov,Julian<\/td>\n<td><\/td>\n<td><\/td>\n<td>6S0<\/td>\n<td>23W1<\/td>\n<td>18W0<\/td>\n<td>41S\u00bd<\/td>\n<td>27W0<\/td>\n<td>1.5<\/td>\n<td>14.0<\/td>\n<td>3.75<\/td>\n<\/tr>\n<tr bgcolor=\"#00FFFF\">\n<td>41.<\/td>\n<td>M\u00fcller, Andreas<\/td>\n<td><\/td>\n<td><\/td>\n<td>19S0<\/td>\n<td>5S0<\/td>\n<td>46W1<\/td>\n<td>40W\u00bd<\/td>\n<td>25S0<\/td>\n<td>1.5<\/td>\n<td>12.0<\/td>\n<td>1.75<\/td>\n<\/tr>\n<tr bgcolor=\"#00FFFF\">\n<td>42.<\/td>\n<td>Karpen,Jakob<\/td>\n<td><\/td>\n<td><\/td>\n<td>18W0<\/td>\n<td>15S0<\/td>\n<td>49S1<\/td>\n<td>43W\u00bd<\/td>\n<td>30W0<\/td>\n<td>1.5<\/td>\n<td>11.0<\/td>\n<td>1.75<\/td>\n<\/tr>\n<tr bgcolor=\"#00FFFF\">\n<td>43.<\/td>\n<td>Ter-Nikoghosyan,N<\/td>\n<td><\/td>\n<td><\/td>\n<td>36W1<\/td>\n<td>24S0<\/td>\n<td>32W0<\/td>\n<td>42S\u00bd<\/td>\n<td>29W0<\/td>\n<td>1.5<\/td>\n<td>10.5<\/td>\n<td>2.75<\/td>\n<\/tr>\n<tr bgcolor=\"#00FFFF\">\n<td>44.<\/td>\n<td>Sakic,Daniel<\/td>\n<td><\/td>\n<td><\/td>\n<td>16S0<\/td>\n<td>48S1<\/td>\n<td>35W0<\/td>\n<td>19W0<\/td>\n<td>47S\u00bd<\/td>\n<td>1.5<\/td>\n<td>10.0<\/td>\n<td>1.50<\/td>\n<\/tr>\n<tr bgcolor=\"#00FFFF\">\n<td>45.<\/td>\n<td>Thieme, Hanno<\/td>\n<td><\/td>\n<td><\/td>\n<td>12S0<\/td>\n<td>7S0<\/td>\n<td>30W0<\/td>\n<td>50W1<\/td>\n<td>34S0<\/td>\n<td>1.0<\/td>\n<td>13.0<\/td>\n<td>1.00<\/td>\n<\/tr>\n<tr bgcolor=\"#00FFFF\">\n<td>46.<\/td>\n<td>Fachin, Sara<\/td>\n<td><\/td>\n<td><\/td>\n<td>4S0<\/td>\n<td>37W0<\/td>\n<td>41S0<\/td>\n<td>51W1<\/td>\n<td>38S0<\/td>\n<td>1.0<\/td>\n<td>10.5<\/td>\n<td>1.00<\/td>\n<\/tr>\n<tr bgcolor=\"#00FFFF\">\n<td>47.<\/td>\n<td>Lanzend\u00f6rfer,Jasp<\/td>\n<td><\/td>\n<td><\/td>\n<td>9W0<\/td>\n<td>52S\u00bd<\/td>\n<td>28W0<\/td>\n<td>29S0<\/td>\n<td>44W\u00bd<\/td>\n<td>1.0<\/td>\n<td>10.5<\/td>\n<td>1.00<\/td>\n<\/tr>\n<tr bgcolor=\"#00FFFF\">\n<td>48.<\/td>\n<td>Fachin,Lara<\/td>\n<td><\/td>\n<td><\/td>\n<td>28S0<\/td>\n<td>44W0<\/td>\n<td>51S1<\/td>\n<td>37W0<\/td>\n<td>39S0<\/td>\n<td>1.0<\/td>\n<td>9.0<\/td>\n<td>1.00<\/td>\n<\/tr>\n<tr bgcolor=\"#00FFFF\">\n<td>49.<\/td>\n<td>Nutz,Korbinian<\/td>\n<td><\/td>\n<td>749<\/td>\n<td>20W0<\/td>\n<td>21S0<\/td>\n<td>42W0<\/td>\n<td>52S1<\/td>\n<td><\/td>\n<td>1.0<\/td>\n<td>8.0<\/td>\n<td>0.50<\/td>\n<\/tr>\n<tr bgcolor=\"#00FFFF\">\n<td>50.<\/td>\n<td>Koslowsky,Egor<\/td>\n<td><\/td>\n<td><\/td>\n<td>27W0<\/td>\n<td>38S0<\/td>\n<td>39W0<\/td>\n<td>45S0<\/td>\n<td>52W1<\/td>\n<td>1.0<\/td>\n<td>8.0<\/td>\n<td>0.50<\/td>\n<\/tr>\n<tr bgcolor=\"#00FFFF\">\n<td>51.<\/td>\n<td>R\u00f6ll,Lorenz<\/td>\n<td><\/td>\n<td><\/td>\n<td>14W0<\/td>\n<td>35S0<\/td>\n<td>48W0<\/td>\n<td>46S0<\/td>\n<td>+<\/td>\n<td>1.0<\/td>\n<td>7.0<\/td>\n<td>0.00<\/td>\n<\/tr>\n<tr bgcolor=\"#00FFFF\">\n<td>52.<\/td>\n<td>Kast,Christian<\/td>\n<td><\/td>\n<td><\/td>\n<td>22S0<\/td>\n<td>47W\u00bd<\/td>\n<td>33S0<\/td>\n<td>49W0<\/td>\n<td>50S0<\/td>\n<td>0.5<\/td>\n<td>8.0<\/td>\n<td>0.50<\/td>\n<\/tr>\n<\/tbody>\n<\/table>\n<p>Die Pokalgewinner:<\/p>\n<figure id=\"attachment_4780\" aria-describedby=\"caption-attachment-4780\" style=\"width: 300px\" class=\"wp-caption alignnone\"><a href=\"http:\/\/www.scv-jugend.de\/wp-content\/uploads\/2015\/12\/U12U12.jpg\"><img loading=\"lazy\" decoding=\"async\" class=\"size-medium wp-image-4780\" src=\"http:\/\/www.scv-jugend.de\/wp-content\/uploads\/2015\/12\/U12U12-300x200.jpg\" alt=\"Stefans Kasims, Jana Henning, David Glok, Lea R\u00f6ll, Emily Alferova, Xenia Schmitt\" width=\"300\" height=\"200\" srcset=\"https:\/\/www.scv-jugend.de\/wp-content\/uploads\/2015\/12\/U12U12-300x200.jpg 300w, https:\/\/www.scv-jugend.de\/wp-content\/uploads\/2015\/12\/U12U12-1024x684.jpg 1024w, https:\/\/www.scv-jugend.de\/wp-content\/uploads\/2015\/12\/U12U12-600x401.jpg 600w, https:\/\/www.scv-jugend.de\/wp-content\/uploads\/2015\/12\/U12U12.jpg 1240w\" sizes=\"auto, (max-width: 300px) 100vw, 300px\" \/><\/a><figcaption id=\"caption-attachment-4780\" class=\"wp-caption-text\">Stefans Kasims, Jana Henning, Maik Piffcyk, Lea R\u00f6ll, Emily Alferova, Xenia Schmitt<\/figcaption><\/figure>\n<figure id=\"attachment_4784\" aria-describedby=\"caption-attachment-4784\" style=\"width: 300px\" class=\"wp-caption alignnone\"><a href=\"http:\/\/www.scv-jugend.de\/wp-content\/uploads\/2015\/12\/MyCouchbox.jpg\"><img loading=\"lazy\" decoding=\"async\" class=\"size-medium wp-image-4784\" src=\"http:\/\/www.scv-jugend.de\/wp-content\/uploads\/2015\/12\/MyCouchbox-300x251.jpg\" alt=\"Die drei SCVG-M\u00e4dels Lea, Laura und Xenia pr\u00e4sentieren die Pakete von MyCouchbox, von denen es 30 im Jugend-Pokal als Sachpreise gab.\" width=\"300\" height=\"251\" srcset=\"https:\/\/www.scv-jugend.de\/wp-content\/uploads\/2015\/12\/MyCouchbox-300x251.jpg 300w, https:\/\/www.scv-jugend.de\/wp-content\/uploads\/2015\/12\/MyCouchbox-1024x858.jpg 1024w, https:\/\/www.scv-jugend.de\/wp-content\/uploads\/2015\/12\/MyCouchbox-600x503.jpg 600w, https:\/\/www.scv-jugend.de\/wp-content\/uploads\/2015\/12\/MyCouchbox.jpg 1184w\" sizes=\"auto, (max-width: 300px) 100vw, 300px\" \/><\/a><figcaption id=\"caption-attachment-4784\" class=\"wp-caption-text\">Die drei SCVG-M\u00e4dels Lea, Laura und Xenia pr\u00e4sentieren die Pakete von MyCouchbox, von denen es 30 im Jugend-Pokal als Sachpreise gab.<\/figcaption><\/figure>\n<p>Im Amateur-Pokal spielten 48. Teilnehmer in insgesamt 12 Gruppen jeweils ein Vollrundensystem. Die Gruppen werden dabei so zusammengestellt, dass alle vier Spieler jeweils etwa die gleiche Spielst\u00e4rke haben. Herausragend die Leistung des erst siebenj\u00e4hrigen Leonardo Costa. Vor fast genau einem Jahr gewann er den Jugend-Schachpokal in Vaterstetten mit 5\/5, inzwischen ist er auf Grund seiner DWZ von \u00fcber 1.000 dort nicht mehr start berechtigt. Im Amateur-Pokal startete er diesmal bereits in Gruppe 2 und musste sich dort nur Christian Kr\u00fcger geschlagen geben. Vater Vincenco Costa wurde in der 3. Gruppe ebenfalls Zweiter.<\/p>\n<p>Am l\u00e4ngsten k\u00e4mpfte die Gruppe mit den im Schnitt j\u00fcngsten Teilnehmern: In Gruppe 6 traten zwei U10, ein U12 und eine U16-Spielerin gegeneinander an. Am Ende gewann Denis Werner von SC Garching 1980 mit 2\/3 dank der besseren Feinwertung von Daniel Bloch.<\/p>\n<p>Absolut gleich nach Punkt- und Feinwertung waren in Gruppe 7 gleich 3 Spieler. Hier wurde anschlie\u00dfend mit Blitzpartien dar\u00fcber befunden, wer den Pokal mit nach Hause nehmen darf. Beim Blitzen hatte schlie\u00dflich Louis Moufang die Nase vorne. Zweiter wurde Juan L\u00f3pez Seydel vor Jakov Klonov.<\/p>\n<p>Amateur-Pokal Gruppe 1:<\/p>\n<table border=\"2\" cellspacing=\"2\" cellpadding=\"2\" bgcolor=\"#C0C0C0\">\n<tbody>\n<tr>\n<td colspan=\"9\">Rangliste: Stand nach der 3. Runde<\/td>\n<\/tr>\n<tr bgcolor=\"#00FF00\">\n<th>Nr.<\/th>\n<th>Teilnehmer<\/th>\n<th>TWZ<\/th>\n<th>1<\/th>\n<th>2<\/th>\n<th>3<\/th>\n<th>4<\/th>\n<th>Punkte<\/th>\n<th>SoBerg<\/th>\n<\/tr>\n<tr bgcolor=\"#00FFFF\">\n<td>1.<\/td>\n<td>Schelle,Michael<\/td>\n<td>1417<\/td>\n<td>**<\/td>\n<td>\u00bd<\/td>\n<td>1<\/td>\n<td>1<\/td>\n<td>2.5<\/td>\n<td>2.75<\/td>\n<\/tr>\n<tr bgcolor=\"#00FFFF\">\n<td>2.<\/td>\n<td>Andrade,Luis<\/td>\n<td>1495<\/td>\n<td>\u00bd<\/td>\n<td>**<\/td>\n<td>0<\/td>\n<td>1<\/td>\n<td>1.5<\/td>\n<td>2.25<\/td>\n<\/tr>\n<tr bgcolor=\"#00FFFF\">\n<td>3.<\/td>\n<td>Schmidt,Kai-Uwe<\/td>\n<td>1399<\/td>\n<td>0<\/td>\n<td>1<\/td>\n<td>**<\/td>\n<td>0<\/td>\n<td>1.0<\/td>\n<td>1.50<\/td>\n<\/tr>\n<tr bgcolor=\"#00FFFF\">\n<td>4.<\/td>\n<td>Grunert,Wilhelm<\/td>\n<td>1340<\/td>\n<td>0<\/td>\n<td>0<\/td>\n<td>1<\/td>\n<td>**<\/td>\n<td>1.0<\/td>\n<td>1.00<\/td>\n<\/tr>\n<\/tbody>\n<\/table>\n<figure id=\"attachment_4778\" aria-describedby=\"caption-attachment-4778\" style=\"width: 300px\" class=\"wp-caption alignnone\"><a href=\"http:\/\/www.scv-jugend.de\/wp-content\/uploads\/2015\/12\/Gruppe1.jpg\"><img loading=\"lazy\" decoding=\"async\" class=\"size-medium wp-image-4778\" src=\"http:\/\/www.scv-jugend.de\/wp-content\/uploads\/2015\/12\/Gruppe1-300x200.jpg\" alt=\"Luis Andrade, Michael Schelle, Kai-Uwe Schmidt und Wilhelm Grunert\" width=\"300\" height=\"200\" srcset=\"https:\/\/www.scv-jugend.de\/wp-content\/uploads\/2015\/12\/Gruppe1-300x200.jpg 300w, https:\/\/www.scv-jugend.de\/wp-content\/uploads\/2015\/12\/Gruppe1-1024x683.jpg 1024w, https:\/\/www.scv-jugend.de\/wp-content\/uploads\/2015\/12\/Gruppe1-600x400.jpg 600w\" sizes=\"auto, (max-width: 300px) 100vw, 300px\" \/><\/a><figcaption id=\"caption-attachment-4778\" class=\"wp-caption-text\">Luis Andrade, Michael Schelle, Kai-Uwe Schmidt und Wilhelm Grunert<\/figcaption><\/figure>\n<figure id=\"attachment_4782\" aria-describedby=\"caption-attachment-4782\" style=\"width: 300px\" class=\"wp-caption alignnone\"><a href=\"http:\/\/www.scv-jugend.de\/wp-content\/uploads\/2015\/12\/Grupp1-2.jpg\"><img loading=\"lazy\" decoding=\"async\" class=\"size-medium wp-image-4782\" src=\"http:\/\/www.scv-jugend.de\/wp-content\/uploads\/2015\/12\/Grupp1-2-300x236.jpg\" alt=\"Michael Schelle, Luis Andrade\" width=\"300\" height=\"236\" srcset=\"https:\/\/www.scv-jugend.de\/wp-content\/uploads\/2015\/12\/Grupp1-2-300x236.jpg 300w, https:\/\/www.scv-jugend.de\/wp-content\/uploads\/2015\/12\/Grupp1-2-1024x805.jpg 1024w, https:\/\/www.scv-jugend.de\/wp-content\/uploads\/2015\/12\/Grupp1-2-600x472.jpg 600w, https:\/\/www.scv-jugend.de\/wp-content\/uploads\/2015\/12\/Grupp1-2.jpg 1460w\" sizes=\"auto, (max-width: 300px) 100vw, 300px\" \/><\/a><figcaption id=\"caption-attachment-4782\" class=\"wp-caption-text\">Michael Schelle, Luis Andrade<\/figcaption><\/figure>\n<p>Amateur-Pokal Gruppe 2:<\/p>\n<table border=\"2\" cellspacing=\"2\" cellpadding=\"2\" bgcolor=\"#C0C0C0\">\n<tbody>\n<tr>\n<td colspan=\"9\">Rangliste: Stand nach der 3. Runde<\/td>\n<\/tr>\n<tr bgcolor=\"#00FF00\">\n<th>Nr.<\/th>\n<th>Teilnehmer<\/th>\n<th>TWZ<\/th>\n<th>1<\/th>\n<th>2<\/th>\n<th>3<\/th>\n<th>4<\/th>\n<th>Punkte<\/th>\n<th>SoBerg<\/th>\n<\/tr>\n<tr bgcolor=\"#00FFFF\">\n<td>1.<\/td>\n<td>Kr\u00fcger,Christian<\/td>\n<td><\/td>\n<td>**<\/td>\n<td>1<\/td>\n<td>1<\/td>\n<td>1<\/td>\n<td>3.0<\/td>\n<td>3.00<\/td>\n<\/tr>\n<tr bgcolor=\"#00FFFF\">\n<td>2.<\/td>\n<td>Costa,Leonardo<\/td>\n<td>1323<\/td>\n<td>0<\/td>\n<td>**<\/td>\n<td>1<\/td>\n<td>1<\/td>\n<td>2.0<\/td>\n<td>1.00<\/td>\n<\/tr>\n<tr bgcolor=\"#00FFFF\">\n<td>3.<\/td>\n<td>Felser,Tobias<\/td>\n<td>1394<\/td>\n<td>0<\/td>\n<td>0<\/td>\n<td>**<\/td>\n<td>\u00bd<\/td>\n<td>0.5<\/td>\n<td>0.25<\/td>\n<\/tr>\n<tr bgcolor=\"#00FFFF\">\n<td>4.<\/td>\n<td>Simon,Roman<\/td>\n<td>1365<\/td>\n<td>0<\/td>\n<td>0<\/td>\n<td>\u00bd<\/td>\n<td>**<\/td>\n<td>0.5<\/td>\n<td>0.25<\/td>\n<\/tr>\n<\/tbody>\n<\/table>\n<figure id=\"attachment_4770\" aria-describedby=\"caption-attachment-4770\" style=\"width: 300px\" class=\"wp-caption alignnone\"><a href=\"http:\/\/www.scv-jugend.de\/wp-content\/uploads\/2015\/12\/Gruppe2.jpg\"><img loading=\"lazy\" decoding=\"async\" class=\"size-medium wp-image-4770\" src=\"http:\/\/www.scv-jugend.de\/wp-content\/uploads\/2015\/12\/Gruppe2-300x152.jpg\" alt=\"Christian Kr\u00fcger, Tobias Felser, Leonardo Costa, Roman Simon\" width=\"300\" height=\"152\" srcset=\"https:\/\/www.scv-jugend.de\/wp-content\/uploads\/2015\/12\/Gruppe2-300x152.jpg 300w, https:\/\/www.scv-jugend.de\/wp-content\/uploads\/2015\/12\/Gruppe2-1024x519.jpg 1024w, https:\/\/www.scv-jugend.de\/wp-content\/uploads\/2015\/12\/Gruppe2-600x304.jpg 600w\" sizes=\"auto, (max-width: 300px) 100vw, 300px\" \/><\/a><figcaption id=\"caption-attachment-4770\" class=\"wp-caption-text\">Christian Kr\u00fcger, Tobias Felser, Leonardo Costa, Roman Simon<\/figcaption><\/figure>\n<p>Amateur-Pokal Gruppe 3:<\/p>\n<table border=\"2\" cellspacing=\"2\" cellpadding=\"2\" bgcolor=\"#C0C0C0\">\n<tbody>\n<tr>\n<td colspan=\"9\">Rangliste: Stand nach der 3. Runde<\/td>\n<\/tr>\n<tr bgcolor=\"#00FF00\">\n<th>Nr.<\/th>\n<th>Teilnehmer<\/th>\n<th>TWZ<\/th>\n<th>1<\/th>\n<th>2<\/th>\n<th>3<\/th>\n<th>4<\/th>\n<th>Punkte<\/th>\n<th>SoBerg<\/th>\n<\/tr>\n<tr bgcolor=\"#00FFFF\">\n<td>1.<\/td>\n<td>J\u00fcngling,Jan<\/td>\n<td>1336<\/td>\n<td>**<\/td>\n<td>1<\/td>\n<td>1<\/td>\n<td>\u00bd<\/td>\n<td>2.5<\/td>\n<td>3.25<\/td>\n<\/tr>\n<tr bgcolor=\"#00FFFF\">\n<td>2.<\/td>\n<td>Costa,Vincenzo<\/td>\n<td>1318<\/td>\n<td>0<\/td>\n<td>**<\/td>\n<td>\u00bd<\/td>\n<td>1<\/td>\n<td>1.5<\/td>\n<td>1.25<\/td>\n<\/tr>\n<tr bgcolor=\"#00FFFF\">\n<td>3.<\/td>\n<td>Riedle,Maximilian<\/td>\n<td>1292<\/td>\n<td>0<\/td>\n<td>\u00bd<\/td>\n<td>**<\/td>\n<td>1<\/td>\n<td>1.5<\/td>\n<td>1.25<\/td>\n<\/tr>\n<tr bgcolor=\"#00FFFF\">\n<td>4.<\/td>\n<td>Klocke,Simon<\/td>\n<td>1310<\/td>\n<td>\u00bd<\/td>\n<td>0<\/td>\n<td>0<\/td>\n<td>**<\/td>\n<td>0.5<\/td>\n<td>1.25<\/td>\n<\/tr>\n<\/tbody>\n<\/table>\n<figure id=\"attachment_4775\" aria-describedby=\"caption-attachment-4775\" style=\"width: 300px\" class=\"wp-caption alignnone\"><a href=\"http:\/\/www.scv-jugend.de\/wp-content\/uploads\/2015\/12\/Gruppe3.jpg\"><img loading=\"lazy\" decoding=\"async\" class=\"size-medium wp-image-4775\" src=\"http:\/\/www.scv-jugend.de\/wp-content\/uploads\/2015\/12\/Gruppe3-300x179.jpg\" alt=\"Vincenzo Costa, Jan J\u00fcngling, Maximilian Riedle, Simon Klocke\" width=\"300\" height=\"179\" srcset=\"https:\/\/www.scv-jugend.de\/wp-content\/uploads\/2015\/12\/Gruppe3-300x179.jpg 300w, https:\/\/www.scv-jugend.de\/wp-content\/uploads\/2015\/12\/Gruppe3-1024x611.jpg 1024w, https:\/\/www.scv-jugend.de\/wp-content\/uploads\/2015\/12\/Gruppe3-600x358.jpg 600w\" sizes=\"auto, (max-width: 300px) 100vw, 300px\" \/><\/a><figcaption id=\"caption-attachment-4775\" class=\"wp-caption-text\">Vincenzo Costa, Jan J\u00fcngling, Maximilian Riedle, Simon Klocke<\/figcaption><\/figure>\n<p>Amateur-Pokal Gruppe 4:<\/p>\n<table border=\"2\" cellspacing=\"2\" cellpadding=\"2\" bgcolor=\"#C0C0C0\">\n<tbody>\n<tr>\n<td colspan=\"9\">Rangliste: Stand nach der 3. Runde<\/td>\n<\/tr>\n<tr bgcolor=\"#00FF00\">\n<th>Nr.<\/th>\n<th>Teilnehmer<\/th>\n<th>TWZ<\/th>\n<th>1<\/th>\n<th>2<\/th>\n<th>3<\/th>\n<th>4<\/th>\n<th>Punkte<\/th>\n<th>SoBerg<\/th>\n<\/tr>\n<tr bgcolor=\"#00FFFF\">\n<td>1.<\/td>\n<td>R\u00f6sch,Julian<\/td>\n<td>1267<\/td>\n<td>**<\/td>\n<td>1<\/td>\n<td>+<\/td>\n<td>1<\/td>\n<td>3.0<\/td>\n<td>3.00<\/td>\n<\/tr>\n<tr bgcolor=\"#00FFFF\">\n<td>2.<\/td>\n<td>Kraftsik,Christian<\/td>\n<td>1277<\/td>\n<td>0<\/td>\n<td>**<\/td>\n<td>+<\/td>\n<td>1<\/td>\n<td>2.0<\/td>\n<td>1.00<\/td>\n<\/tr>\n<tr bgcolor=\"#00FFFF\">\n<td>3.<\/td>\n<td>Piske,Monty-Remo<\/td>\n<td>1230<\/td>\n<td>&#8211;<\/td>\n<td>&#8211;<\/td>\n<td>**<\/td>\n<td>\u00bd<\/td>\n<td>0.5<\/td>\n<td>0.25<\/td>\n<\/tr>\n<tr bgcolor=\"#00FFFF\">\n<td>4.<\/td>\n<td>Wei\u00dfig,Kersten<\/td>\n<td>1234<\/td>\n<td>0<\/td>\n<td>0<\/td>\n<td>\u00bd<\/td>\n<td>**<\/td>\n<td>0.5<\/td>\n<td>0.25<\/td>\n<\/tr>\n<\/tbody>\n<\/table>\n<p>Amateur-Pokal Gruppe 5:<\/p>\n<table border=\"2\" cellspacing=\"2\" cellpadding=\"2\" bgcolor=\"#C0C0C0\">\n<tbody>\n<tr>\n<td colspan=\"9\">Rangliste: Stand nach der 3. Runde<\/td>\n<\/tr>\n<tr bgcolor=\"#00FF00\">\n<th>Nr.<\/th>\n<th>Teilnehmer<\/th>\n<th>TWZ<\/th>\n<th>1<\/th>\n<th>2<\/th>\n<th>3<\/th>\n<th>4<\/th>\n<th>Punkte<\/th>\n<th>SoBerg<\/th>\n<\/tr>\n<tr bgcolor=\"#00FFFF\">\n<td>1.<\/td>\n<td>Liebl,Walter<\/td>\n<td>1195<\/td>\n<td>**<\/td>\n<td>1<\/td>\n<td>\u00bd<\/td>\n<td>1<\/td>\n<td>2.5<\/td>\n<td>2.75<\/td>\n<\/tr>\n<tr bgcolor=\"#00FFFF\">\n<td>2.<\/td>\n<td>Stofella,Luca<\/td>\n<td>1182<\/td>\n<td>0<\/td>\n<td>**<\/td>\n<td>1<\/td>\n<td>1<\/td>\n<td>2.0<\/td>\n<td>1.50<\/td>\n<\/tr>\n<tr bgcolor=\"#00FFFF\">\n<td>3.<\/td>\n<td>Duca,Alexandru<\/td>\n<td>1205<\/td>\n<td>\u00bd<\/td>\n<td>0<\/td>\n<td>**<\/td>\n<td>1<\/td>\n<td>1.5<\/td>\n<td>1.25<\/td>\n<\/tr>\n<tr bgcolor=\"#00FFFF\">\n<td>4.<\/td>\n<td>Humburg,Eduard<\/td>\n<td>1421<\/td>\n<td>0<\/td>\n<td>0<\/td>\n<td>0<\/td>\n<td>**<\/td>\n<td>0.0<\/td>\n<td>0.00<\/td>\n<\/tr>\n<\/tbody>\n<\/table>\n<figure id=\"attachment_4786\" aria-describedby=\"caption-attachment-4786\" style=\"width: 300px\" class=\"wp-caption alignnone\"><a href=\"http:\/\/www.scv-jugend.de\/wp-content\/uploads\/2015\/12\/Gruppe5.jpg\"><img loading=\"lazy\" decoding=\"async\" class=\"size-medium wp-image-4786\" src=\"http:\/\/www.scv-jugend.de\/wp-content\/uploads\/2015\/12\/Gruppe5-300x200.jpg\" alt=\"Luca Stoffela, Eduard Humburg, Walter Liebl, Alexandru Duca\" width=\"300\" height=\"200\" srcset=\"https:\/\/www.scv-jugend.de\/wp-content\/uploads\/2015\/12\/Gruppe5-300x200.jpg 300w, https:\/\/www.scv-jugend.de\/wp-content\/uploads\/2015\/12\/Gruppe5-1024x683.jpg 1024w, https:\/\/www.scv-jugend.de\/wp-content\/uploads\/2015\/12\/Gruppe5-600x400.jpg 600w\" sizes=\"auto, (max-width: 300px) 100vw, 300px\" \/><\/a><figcaption id=\"caption-attachment-4786\" class=\"wp-caption-text\">Luca Stoffela, Eduard Humburg, Walter Liebl, Alexandru Duca<\/figcaption><\/figure>\n<p>Amateur-Pokal Gruppe 6:<\/p>\n<table border=\"2\" cellspacing=\"2\" cellpadding=\"2\" bgcolor=\"#C0C0C0\">\n<tbody>\n<tr>\n<td colspan=\"9\">Rangliste: Stand nach der 3. Runde<\/td>\n<\/tr>\n<tr bgcolor=\"#00FF00\">\n<th>Nr.<\/th>\n<th>Teilnehmer<\/th>\n<th>TWZ<\/th>\n<th>1<\/th>\n<th>2<\/th>\n<th>3<\/th>\n<th>4<\/th>\n<th>Punkte<\/th>\n<th>SoBerg<\/th>\n<\/tr>\n<tr bgcolor=\"#00FFFF\">\n<td>1.<\/td>\n<td>Werner,Denis<\/td>\n<td>1091<\/td>\n<td>**<\/td>\n<td>1<\/td>\n<td>0<\/td>\n<td>1<\/td>\n<td>2.0<\/td>\n<td>3.00<\/td>\n<\/tr>\n<tr bgcolor=\"#00FFFF\">\n<td>2.<\/td>\n<td>Bloch,Daniel<\/td>\n<td>1129<\/td>\n<td>0<\/td>\n<td>**<\/td>\n<td>1<\/td>\n<td>1<\/td>\n<td>2.0<\/td>\n<td>2.00<\/td>\n<\/tr>\n<tr bgcolor=\"#00FFFF\">\n<td>3.<\/td>\n<td>Lautenbach,Julia<\/td>\n<td>1159<\/td>\n<td>1<\/td>\n<td>0<\/td>\n<td>**<\/td>\n<td>0<\/td>\n<td>1.0<\/td>\n<td>2.00<\/td>\n<\/tr>\n<tr bgcolor=\"#00FFFF\">\n<td>4.<\/td>\n<td>Beckert,Alessandro<\/td>\n<td>1154<\/td>\n<td>0<\/td>\n<td>0<\/td>\n<td>1<\/td>\n<td>**<\/td>\n<td>1.0<\/td>\n<td>1.00<\/td>\n<\/tr>\n<\/tbody>\n<\/table>\n<p>&nbsp;<\/p>\n<figure id=\"attachment_4788\" aria-describedby=\"caption-attachment-4788\" style=\"width: 300px\" class=\"wp-caption alignnone\"><a href=\"http:\/\/www.scv-jugend.de\/wp-content\/uploads\/2015\/12\/Gruppe6.jpg\"><img loading=\"lazy\" decoding=\"async\" class=\"size-medium wp-image-4788\" src=\"http:\/\/www.scv-jugend.de\/wp-content\/uploads\/2015\/12\/Gruppe6-300x200.jpg\" alt=\"Allesandro Beckert, Julia Lautenbach, Denis Werner, Daniel Bloch\" width=\"300\" height=\"200\" srcset=\"https:\/\/www.scv-jugend.de\/wp-content\/uploads\/2015\/12\/Gruppe6-300x200.jpg 300w, https:\/\/www.scv-jugend.de\/wp-content\/uploads\/2015\/12\/Gruppe6-1024x683.jpg 1024w, https:\/\/www.scv-jugend.de\/wp-content\/uploads\/2015\/12\/Gruppe6-600x400.jpg 600w\" sizes=\"auto, (max-width: 300px) 100vw, 300px\" \/><\/a><figcaption id=\"caption-attachment-4788\" class=\"wp-caption-text\">Allesandro Beckert, Julia Lautenbach, Denis Werner, Daniel Bloch<\/figcaption><\/figure>\n<p>Amateur-Pokal Gruppe 7:<\/p>\n<table border=\"2\" cellspacing=\"2\" cellpadding=\"2\" bgcolor=\"#C0C0C0\">\n<tbody>\n<tr>\n<td colspan=\"9\">Rangliste: Stand nach der 3. Runde<\/td>\n<\/tr>\n<tr bgcolor=\"#00FF00\">\n<th>Nr.<\/th>\n<th>Teilnehmer<\/th>\n<th>TWZ<\/th>\n<th>1<\/th>\n<th>2<\/th>\n<th>3<\/th>\n<th>4<\/th>\n<th>Punkte<\/th>\n<th>SoBerg<\/th>\n<\/tr>\n<tr bgcolor=\"#00FFFF\">\n<td>1.<\/td>\n<td>Moufang,Luis<\/td>\n<td>1091<\/td>\n<td>**<\/td>\n<td>0<\/td>\n<td>1<\/td>\n<td>1<\/td>\n<td>2.0<\/td>\n<td>2.00<\/td>\n<\/tr>\n<tr bgcolor=\"#00FFFF\">\n<td>2.<\/td>\n<td>L\u00f3pez Seydel,Juan<\/td>\n<td>1085<\/td>\n<td>1<\/td>\n<td>**<\/td>\n<td>0<\/td>\n<td>1<\/td>\n<td>2.0<\/td>\n<td>2.00<\/td>\n<\/tr>\n<tr bgcolor=\"#00FFFF\">\n<td>3.<\/td>\n<td>Klonov,Jakov<\/td>\n<td>1084<\/td>\n<td>0<\/td>\n<td>1<\/td>\n<td>**<\/td>\n<td>1<\/td>\n<td>2.0<\/td>\n<td>2.00<\/td>\n<\/tr>\n<tr bgcolor=\"#00FFFF\">\n<td>4.<\/td>\n<td>Hintermann,Justus<\/td>\n<td>1072<\/td>\n<td>0<\/td>\n<td>0<\/td>\n<td>0<\/td>\n<td>**<\/td>\n<td>0.0<\/td>\n<td>0.00<\/td>\n<\/tr>\n<\/tbody>\n<\/table>\n<figure id=\"attachment_4763\" aria-describedby=\"caption-attachment-4763\" style=\"width: 300px\" class=\"wp-caption alignnone\"><a href=\"http:\/\/www.scv-jugend.de\/wp-content\/uploads\/2015\/12\/Gruppe7.jpg\"><img loading=\"lazy\" decoding=\"async\" class=\"size-medium wp-image-4763\" src=\"http:\/\/www.scv-jugend.de\/wp-content\/uploads\/2015\/12\/Gruppe7-300x181.jpg\" alt=\"Justus Hintermann, Jakov Klonov, Juan L\u00f3pez Seydel, Luis Moufang\" width=\"300\" height=\"181\" srcset=\"https:\/\/www.scv-jugend.de\/wp-content\/uploads\/2015\/12\/Gruppe7-300x181.jpg 300w, https:\/\/www.scv-jugend.de\/wp-content\/uploads\/2015\/12\/Gruppe7-1024x617.jpg 1024w, https:\/\/www.scv-jugend.de\/wp-content\/uploads\/2015\/12\/Gruppe7-600x362.jpg 600w\" sizes=\"auto, (max-width: 300px) 100vw, 300px\" \/><\/a><figcaption id=\"caption-attachment-4763\" class=\"wp-caption-text\">Justus Hintermann, Jakov Klonov, Juan L\u00f3pez Seydel, Luis Moufang<\/figcaption><\/figure>\n<p>Amateur-Pokal Gruppe 8:<\/p>\n<table border=\"2\" cellspacing=\"2\" cellpadding=\"2\" bgcolor=\"#C0C0C0\">\n<tbody>\n<tr>\n<td colspan=\"9\">Rangliste: Stand nach der 3. Runde<\/td>\n<\/tr>\n<tr bgcolor=\"#00FF00\">\n<th>Nr.<\/th>\n<th>Teilnehmer<\/th>\n<th>TWZ<\/th>\n<th>1<\/th>\n<th>2<\/th>\n<th>3<\/th>\n<th>4<\/th>\n<th>Punkte<\/th>\n<th>SoBerg<\/th>\n<\/tr>\n<tr bgcolor=\"#00FFFF\">\n<td>1.<\/td>\n<td>Charushnikov, Nikita<\/td>\n<td>1079<\/td>\n<td>**<\/td>\n<td>1<\/td>\n<td>1<\/td>\n<td>1<\/td>\n<td>3.0<\/td>\n<td>3.00<\/td>\n<\/tr>\n<tr bgcolor=\"#00FFFF\">\n<td>2.<\/td>\n<td>Heuser,Ricarda<\/td>\n<td>1012<\/td>\n<td>0<\/td>\n<td>**<\/td>\n<td>1<\/td>\n<td>1<\/td>\n<td>2.0<\/td>\n<td>1.00<\/td>\n<\/tr>\n<tr bgcolor=\"#00FFFF\">\n<td>3.<\/td>\n<td>Danninger,Jannik<\/td>\n<td>1061<\/td>\n<td>0<\/td>\n<td>0<\/td>\n<td>**<\/td>\n<td>1<\/td>\n<td>1.0<\/td>\n<td>0.00<\/td>\n<\/tr>\n<tr bgcolor=\"#00FFFF\">\n<td>4.<\/td>\n<td>Lerchl,Clemens<\/td>\n<td>1050<\/td>\n<td>0<\/td>\n<td>0<\/td>\n<td>0<\/td>\n<td>**<\/td>\n<td>0.0<\/td>\n<td>0.00<\/td>\n<\/tr>\n<\/tbody>\n<\/table>\n<figure id=\"attachment_4767\" aria-describedby=\"caption-attachment-4767\" style=\"width: 300px\" class=\"wp-caption alignnone\"><a href=\"http:\/\/www.scv-jugend.de\/wp-content\/uploads\/2015\/12\/Gruppe8.jpg\"><img loading=\"lazy\" decoding=\"async\" class=\"size-medium wp-image-4767\" src=\"http:\/\/www.scv-jugend.de\/wp-content\/uploads\/2015\/12\/Gruppe8-300x188.jpg\" alt=\"Ricarda Heuser, Clemens Lerchl, Jannik Danninger, Nikita Charushnikov\" width=\"300\" height=\"188\" srcset=\"https:\/\/www.scv-jugend.de\/wp-content\/uploads\/2015\/12\/Gruppe8-300x188.jpg 300w, https:\/\/www.scv-jugend.de\/wp-content\/uploads\/2015\/12\/Gruppe8-1024x641.jpg 1024w, https:\/\/www.scv-jugend.de\/wp-content\/uploads\/2015\/12\/Gruppe8-600x375.jpg 600w\" sizes=\"auto, (max-width: 300px) 100vw, 300px\" \/><\/a><figcaption id=\"caption-attachment-4767\" class=\"wp-caption-text\">Ricarda Heuser, Clemens Lerchl, Jannik Danninger, Nikita Charushnikov<\/figcaption><\/figure>\n<p>Amateur-Pokal Gruppe 9:<\/p>\n<table border=\"2\" cellspacing=\"2\" cellpadding=\"2\" bgcolor=\"#C0C0C0\">\n<tbody>\n<tr>\n<td colspan=\"9\">Rangliste: Stand nach der 3. Runde<\/td>\n<\/tr>\n<tr bgcolor=\"#00FF00\">\n<th>Nr.<\/th>\n<th>Teilnehmer<\/th>\n<th>TWZ<\/th>\n<th>1<\/th>\n<th>2<\/th>\n<th>3<\/th>\n<th>4<\/th>\n<th>Punkte<\/th>\n<th>SoBerg<\/th>\n<\/tr>\n<tr bgcolor=\"#00FFFF\">\n<td>1.<\/td>\n<td>Erd\u00f6si,Anna<\/td>\n<td>1204<\/td>\n<td>**<\/td>\n<td>\u00bd<\/td>\n<td>1<\/td>\n<td>1<\/td>\n<td>2.5<\/td>\n<td>2.75<\/td>\n<\/tr>\n<tr bgcolor=\"#00FFFF\">\n<td>2.<\/td>\n<td>Kr\u00fcger,Aurelian<\/td>\n<td>1023<\/td>\n<td>\u00bd<\/td>\n<td>**<\/td>\n<td>0<\/td>\n<td>1<\/td>\n<td>1.5<\/td>\n<td>2.25<\/td>\n<\/tr>\n<tr bgcolor=\"#00FFFF\">\n<td>3.<\/td>\n<td>Moufang,Andreas<\/td>\n<td>975<\/td>\n<td>0<\/td>\n<td>1<\/td>\n<td>**<\/td>\n<td>0<\/td>\n<td>1.0<\/td>\n<td>1.50<\/td>\n<\/tr>\n<tr bgcolor=\"#00FFFF\">\n<td>4.<\/td>\n<td>Menzner,Paul<\/td>\n<td>1043<\/td>\n<td>0<\/td>\n<td>0<\/td>\n<td>1<\/td>\n<td>**<\/td>\n<td>1.0<\/td>\n<td>1.00<\/td>\n<\/tr>\n<\/tbody>\n<\/table>\n<figure id=\"attachment_4771\" aria-describedby=\"caption-attachment-4771\" style=\"width: 300px\" class=\"wp-caption alignnone\"><a href=\"http:\/\/www.scv-jugend.de\/wp-content\/uploads\/2015\/12\/Gruppe9.jpg\"><img loading=\"lazy\" decoding=\"async\" class=\"size-medium wp-image-4771\" src=\"http:\/\/www.scv-jugend.de\/wp-content\/uploads\/2015\/12\/Gruppe9-300x241.jpg\" alt=\"Anna Erd\u00f6si, Aurelian Kr\u00fcger\" width=\"300\" height=\"241\" srcset=\"https:\/\/www.scv-jugend.de\/wp-content\/uploads\/2015\/12\/Gruppe9-300x241.jpg 300w, https:\/\/www.scv-jugend.de\/wp-content\/uploads\/2015\/12\/Gruppe9-1024x824.jpg 1024w, https:\/\/www.scv-jugend.de\/wp-content\/uploads\/2015\/12\/Gruppe9-600x483.jpg 600w\" sizes=\"auto, (max-width: 300px) 100vw, 300px\" \/><\/a><figcaption id=\"caption-attachment-4771\" class=\"wp-caption-text\">Anna Erd\u00f6si, Aurelian Kr\u00fcger<\/figcaption><\/figure>\n<p>Amateur-Pokal Gruppe 10:<\/p>\n<table border=\"2\" cellspacing=\"2\" cellpadding=\"2\" bgcolor=\"#C0C0C0\">\n<tbody>\n<tr>\n<td colspan=\"9\">Rangliste: Stand nach der 3. Runde<\/td>\n<\/tr>\n<tr bgcolor=\"#00FF00\">\n<th>Nr.<\/th>\n<th>Teilnehmer<\/th>\n<th>TWZ<\/th>\n<th>1<\/th>\n<th>2<\/th>\n<th>3<\/th>\n<th>4<\/th>\n<th>Punkte<\/th>\n<th>SoBerg<\/th>\n<\/tr>\n<tr bgcolor=\"#00FFFF\">\n<td>1.<\/td>\n<td>Duca,Andreas<\/td>\n<td>838<\/td>\n<td>**<\/td>\n<td>1<\/td>\n<td>\u00bd<\/td>\n<td>1<\/td>\n<td>2.5<\/td>\n<td>2.75<\/td>\n<\/tr>\n<tr bgcolor=\"#00FFFF\">\n<td>2.<\/td>\n<td>Kast, Elke<\/td>\n<td><\/td>\n<td>0<\/td>\n<td>**<\/td>\n<td>1<\/td>\n<td>1<\/td>\n<td>2.0<\/td>\n<td>1.50<\/td>\n<\/tr>\n<tr bgcolor=\"#00FFFF\">\n<td>3.<\/td>\n<td>Wei\u00dfig,Timon<\/td>\n<td>997<\/td>\n<td>\u00bd<\/td>\n<td>0<\/td>\n<td>**<\/td>\n<td>1<\/td>\n<td>1.5<\/td>\n<td>1.25<\/td>\n<\/tr>\n<tr bgcolor=\"#00FFFF\">\n<td>4.<\/td>\n<td>Frieske, Lars<\/td>\n<td><\/td>\n<td>0<\/td>\n<td>0<\/td>\n<td>0<\/td>\n<td>**<\/td>\n<td>0.0<\/td>\n<td>0.00<\/td>\n<\/tr>\n<\/tbody>\n<\/table>\n<figure id=\"attachment_4773\" aria-describedby=\"caption-attachment-4773\" style=\"width: 300px\" class=\"wp-caption alignnone\"><a href=\"http:\/\/www.scv-jugend.de\/wp-content\/uploads\/2015\/12\/Gruppe10.jpg\"><img loading=\"lazy\" decoding=\"async\" class=\"size-medium wp-image-4773\" src=\"http:\/\/www.scv-jugend.de\/wp-content\/uploads\/2015\/12\/Gruppe10-300x177.jpg\" alt=\"Andreas Duca, Christian und Elke Kast, Lars Frieske\" width=\"300\" height=\"177\" srcset=\"https:\/\/www.scv-jugend.de\/wp-content\/uploads\/2015\/12\/Gruppe10-300x177.jpg 300w, https:\/\/www.scv-jugend.de\/wp-content\/uploads\/2015\/12\/Gruppe10-1024x603.jpg 1024w, https:\/\/www.scv-jugend.de\/wp-content\/uploads\/2015\/12\/Gruppe10-600x353.jpg 600w\" sizes=\"auto, (max-width: 300px) 100vw, 300px\" \/><\/a><figcaption id=\"caption-attachment-4773\" class=\"wp-caption-text\">Andreas Duca, Christian und Elke Kast, Lars Frieske<\/figcaption><\/figure>\n<p>Amateur-Pokal Gruppe 11:<\/p>\n<table border=\"2\" cellspacing=\"2\" cellpadding=\"2\" bgcolor=\"#C0C0C0\">\n<tbody>\n<tr>\n<td colspan=\"9\">Rangliste: Stand nach der 3. Runde<\/td>\n<\/tr>\n<tr bgcolor=\"#00FF00\">\n<th>Nr.<\/th>\n<th>Teilnehmer<\/th>\n<th>TWZ<\/th>\n<th>1<\/th>\n<th>2<\/th>\n<th>3<\/th>\n<th>4<\/th>\n<th>Punkte<\/th>\n<th>SoBerg<\/th>\n<\/tr>\n<tr bgcolor=\"#00FFFF\">\n<td>1.<\/td>\n<td>Thieme, Cornelia<\/td>\n<td><\/td>\n<td>**<\/td>\n<td>1<\/td>\n<td>1<\/td>\n<td>1<\/td>\n<td>3.0<\/td>\n<td>3.00<\/td>\n<\/tr>\n<tr bgcolor=\"#00FFFF\">\n<td>2.<\/td>\n<td>Wolf,Lanka<\/td>\n<td><\/td>\n<td>0<\/td>\n<td>**<\/td>\n<td>1<\/td>\n<td>\u00bd<\/td>\n<td>1.5<\/td>\n<td>1.25<\/td>\n<\/tr>\n<tr bgcolor=\"#00FFFF\">\n<td>3.<\/td>\n<td>Siebenhaar, Annika<\/td>\n<td><\/td>\n<td>0<\/td>\n<td>0<\/td>\n<td>**<\/td>\n<td>1<\/td>\n<td>1.0<\/td>\n<td>0.50<\/td>\n<\/tr>\n<tr bgcolor=\"#00FFFF\">\n<td>4.<\/td>\n<td>Reh,Angelika<\/td>\n<td><\/td>\n<td>0<\/td>\n<td>\u00bd<\/td>\n<td>0<\/td>\n<td>**<\/td>\n<td>0.5<\/td>\n<td>0.75<\/td>\n<\/tr>\n<\/tbody>\n<\/table>\n<figure id=\"attachment_4765\" aria-describedby=\"caption-attachment-4765\" style=\"width: 300px\" class=\"wp-caption alignnone\"><a href=\"http:\/\/www.scv-jugend.de\/wp-content\/uploads\/2015\/12\/Gruppe11.jpg\"><img loading=\"lazy\" decoding=\"async\" class=\"size-medium wp-image-4765\" src=\"http:\/\/www.scv-jugend.de\/wp-content\/uploads\/2015\/12\/Gruppe11-300x158.jpg\" alt=\"Annika Siebenhaar, Cornelia Thieme, Angelika Reh und Lanka Wolf\" width=\"300\" height=\"158\" srcset=\"https:\/\/www.scv-jugend.de\/wp-content\/uploads\/2015\/12\/Gruppe11-300x158.jpg 300w, https:\/\/www.scv-jugend.de\/wp-content\/uploads\/2015\/12\/Gruppe11-1024x540.jpg 1024w, https:\/\/www.scv-jugend.de\/wp-content\/uploads\/2015\/12\/Gruppe11-600x316.jpg 600w, https:\/\/www.scv-jugend.de\/wp-content\/uploads\/2015\/12\/Gruppe11.jpg 1168w\" sizes=\"auto, (max-width: 300px) 100vw, 300px\" \/><\/a><figcaption id=\"caption-attachment-4765\" class=\"wp-caption-text\">Annika Siebenhaar, Cornelia Thieme, Angelika Reh und Lanka Wolf<\/figcaption><\/figure>\n<p>Amateur-Pokal Gruppe 12:<\/p>\n<table border=\"2\" cellspacing=\"2\" cellpadding=\"2\" bgcolor=\"#C0C0C0\">\n<tbody>\n<tr>\n<td colspan=\"9\">Rangliste: Stand nach der 3. Runde<\/td>\n<\/tr>\n<tr bgcolor=\"#00FF00\">\n<th>Nr.<\/th>\n<th>Teilnehmer<\/th>\n<th>TWZ<\/th>\n<th>1<\/th>\n<th>2<\/th>\n<th>3<\/th>\n<th>4<\/th>\n<th>Punkte<\/th>\n<th>SoBerg<\/th>\n<\/tr>\n<tr bgcolor=\"#00FFFF\">\n<td>1.<\/td>\n<td>Batchvarov, Petar<\/td>\n<td><\/td>\n<td>**<\/td>\n<td>1<\/td>\n<td>1<\/td>\n<td>1<\/td>\n<td>3.0<\/td>\n<td>3.00<\/td>\n<\/tr>\n<tr bgcolor=\"#00FFFF\">\n<td>2.<\/td>\n<td>Gehlhaar, Uwe<\/td>\n<td><\/td>\n<td>0<\/td>\n<td>**<\/td>\n<td>1<\/td>\n<td>1<\/td>\n<td>2.0<\/td>\n<td>1.00<\/td>\n<\/tr>\n<tr bgcolor=\"#00FFFF\">\n<td>3.<\/td>\n<td>Harms, Chiara<\/td>\n<td><\/td>\n<td>0<\/td>\n<td>0<\/td>\n<td>**<\/td>\n<td>1<\/td>\n<td>1.0<\/td>\n<td>0.00<\/td>\n<\/tr>\n<tr bgcolor=\"#00FFFF\">\n<td>4.<\/td>\n<td>Wolf, Mario<\/td>\n<td><\/td>\n<td>0<\/td>\n<td>0<\/td>\n<td>0<\/td>\n<td>**<\/td>\n<td>0.0<\/td>\n<td>0.00<\/td>\n<\/tr>\n<\/tbody>\n<\/table>\n<figure id=\"attachment_4769\" aria-describedby=\"caption-attachment-4769\" style=\"width: 300px\" class=\"wp-caption alignnone\"><a href=\"http:\/\/www.scv-jugend.de\/wp-content\/uploads\/2015\/12\/Gruppe12.jpg\"><img loading=\"lazy\" decoding=\"async\" class=\"size-medium wp-image-4769\" src=\"http:\/\/www.scv-jugend.de\/wp-content\/uploads\/2015\/12\/Gruppe12-300x161.jpg\" alt=\"Chiara Harms, Mario Wolf, Uwe Gelhaar, Petar Batchvarov\" width=\"300\" height=\"161\" srcset=\"https:\/\/www.scv-jugend.de\/wp-content\/uploads\/2015\/12\/Gruppe12-300x161.jpg 300w, https:\/\/www.scv-jugend.de\/wp-content\/uploads\/2015\/12\/Gruppe12-1024x549.jpg 1024w, https:\/\/www.scv-jugend.de\/wp-content\/uploads\/2015\/12\/Gruppe12-600x322.jpg 600w\" sizes=\"auto, (max-width: 300px) 100vw, 300px\" \/><\/a><figcaption id=\"caption-attachment-4769\" class=\"wp-caption-text\">Chiara Harms, Mario Wolf, Uwe Gelhaar, Petar Batchvarov<\/figcaption><\/figure>\n<p>F\u00fcr alle, die mitgespielt haben und f\u00fcr alle, die nun Lust bekommen haben, demn\u00e4chst mal bei einem solchen Turnier mit von der Partie zu sein: Die n\u00e4chste Chance gibt es bereits am 6. Januar in Garching (<a href=\"http:\/\/www.schachclub-garching.de\/index.php?option=com_phocadownload&amp;view=category&amp;download=331:2-garchinger-jugend-pokal&amp;id=87:jugendpokal\">www.schachclub-garching.de<\/a>) und am 14. Februar dann in Markt Schwaben. Der SC Vaterstetten-Grasbrunn veranstaltet am 29. Mai, das ist der letzte Tag der Pfingstferien seinen n\u00e4chsten Jugend- und Amateur-Pokal. Veranstaltungsort ist dann wieder der B\u00fcrgersaal in Neukeferloh.<\/p>\n<p>Vielen Dank an die zahlreichen Eltern und Vereinsmitglieder, die dazu beigetragen haben, dass dieses Turnier\u00a0so reibungslos und erfolgreich abgelaufen ist.<\/p>\n","protected":false},"excerpt":{"rendered":"<p>52 Teilnehmer im Jugend-Pokal und 48 Teilnehmer im Amateur-Pokal traten am Sonntag, 13.12.2015 im Gymnasium Vaterstetten zum gro\u00dfen Schachwettkampf an. Damit wurde eine neue Rekordmarke f\u00fcr dieses Turniersystem f\u00fcr die ganze Familie gesetzt! Am Amateur-Pokal nahmen gleich neun V\u00e4ter oder &#8230; <a class=\"more-link\" href=\"https:\/\/www.scv-jugend.de\/?p=4758\">Read More &raquo;<\/a><\/p>\n","protected":false},"author":11,"featured_media":0,"comment_status":"closed","ping_status":"closed","sticky":false,"template":"","format":"standard","meta":{"footnotes":""},"categories":[24,13,32,4],"tags":[],"class_list":["post-4758","post","type-post","status-publish","format-standard","hentry","category-turniere","category-23-turniere-muenchen","category-turniere-oberbayern","category-13-turniere-scv"],"_links":{"self":[{"href":"https:\/\/www.scv-jugend.de\/index.php?rest_route=\/wp\/v2\/posts\/4758","targetHints":{"allow":["GET"]}}],"collection":[{"href":"https:\/\/www.scv-jugend.de\/index.php?rest_route=\/wp\/v2\/posts"}],"about":[{"href":"https:\/\/www.scv-jugend.de\/index.php?rest_route=\/wp\/v2\/types\/post"}],"author":[{"embeddable":true,"href":"https:\/\/www.scv-jugend.de\/index.php?rest_route=\/wp\/v2\/users\/11"}],"replies":[{"embeddable":true,"href":"https:\/\/www.scv-jugend.de\/index.php?rest_route=%2Fwp%2Fv2%2Fcomments&post=4758"}],"version-history":[{"count":24,"href":"https:\/\/www.scv-jugend.de\/index.php?rest_route=\/wp\/v2\/posts\/4758\/revisions"}],"predecessor-version":[{"id":7616,"href":"https:\/\/www.scv-jugend.de\/index.php?rest_route=\/wp\/v2\/posts\/4758\/revisions\/7616"}],"wp:attachment":[{"href":"https:\/\/www.scv-jugend.de\/index.php?rest_route=%2Fwp%2Fv2%2Fmedia&parent=4758"}],"wp:term":[{"taxonomy":"category","embeddable":true,"href":"https:\/\/www.scv-jugend.de\/index.php?rest_route=%2Fwp%2Fv2%2Fcategories&post=4758"},{"taxonomy":"post_tag","embeddable":true,"href":"https:\/\/www.scv-jugend.de\/index.php?rest_route=%2Fwp%2Fv2%2Ftags&post=4758"}],"curies":[{"name":"wp","href":"https:\/\/api.w.org\/{rel}","templated":true}]}}