{"id":443,"date":"2009-03-30T04:29:04","date_gmt":"2009-03-30T04:29:04","guid":{"rendered":"http:\/\/wordpress.cylusion.local\/?p=443"},"modified":"2009-03-30T04:29:04","modified_gmt":"2009-03-30T04:29:04","slug":"sz-talentiade-gewinner-stehen-fest","status":"publish","type":"post","link":"https:\/\/www.scv-jugend.de\/?p=443","title":{"rendered":"SZ-Talentiade: Gewinner stehen fest:"},"content":{"rendered":"<div class=\"serendipity_imageComment_left\" style=\"width: 196px\">\n<div class=\"serendipity_imageComment_img\"><!-- s9ymdb:218 --><img loading=\"lazy\" decoding=\"async\" class=\"serendipity_image_left\" width=\"196\" height=\"240\"  src=\"\/uploads\/aaa-xiong.jpg\" alt=\"\" \/><\/div>\n<div class=\"serendipity_imageComment_txt\">Das Bild ist 5 Jahre alt! <\/div>\n<\/div>\n<p>Experten-Jury vergibt zehn Preise an junge Sportler und Ferdinand Xiong ist dabei.<br \/>\nAm Donnerstag, 7. Mai gibt es die Preisverleihung und es ist eine gro\u00dfe Ehre, dass unser Schachsport durch Ferdinand Xiong vertreten ist.<br \/>\nZudem ist es f\u00fcr die \u00d6ffentlichkeitsarbeit sehr gut, wenn wir auf dieser Ebene pr\u00e4sent sind.<br \/>\nIch freue mich schon auf den Abend, wird sicher eine feine Sache!<\/p>\n","protected":false},"excerpt":{"rendered":"<p>Das Bild ist 5 Jahre alt! Experten-Jury vergibt zehn Preise an junge Sportler und Ferdinand Xiong ist dabei. Am Donnerstag, 7. Mai gibt es die Preisverleihung und es ist eine gro\u00dfe Ehre, dass unser Schachsport durch Ferdinand Xiong vertreten ist. &#8230; <a class=\"more-link\" href=\"https:\/\/www.scv-jugend.de\/?p=443\">Read More &raquo;<\/a><\/p>\n","protected":false},"author":1,"featured_media":0,"comment_status":"open","ping_status":"closed","sticky":false,"template":"","format":"standard","meta":{"footnotes":""},"categories":[18],"tags":[],"class_list":["post-443","post","type-post","status-publish","format-standard","hentry","category-29-hall-of-fame"],"_links":{"self":[{"href":"https:\/\/www.scv-jugend.de\/index.php?rest_route=\/wp\/v2\/posts\/443","targetHints":{"allow":["GET"]}}],"collection":[{"href":"https:\/\/www.scv-jugend.de\/index.php?rest_route=\/wp\/v2\/posts"}],"about":[{"href":"https:\/\/www.scv-jugend.de\/index.php?rest_route=\/wp\/v2\/types\/post"}],"author":[{"embeddable":true,"href":"https:\/\/www.scv-jugend.de\/index.php?rest_route=\/wp\/v2\/users\/1"}],"replies":[{"embeddable":true,"href":"https:\/\/www.scv-jugend.de\/index.php?rest_route=%2Fwp%2Fv2%2Fcomments&post=443"}],"version-history":[{"count":0,"href":"https:\/\/www.scv-jugend.de\/index.php?rest_route=\/wp\/v2\/posts\/443\/revisions"}],"wp:attachment":[{"href":"https:\/\/www.scv-jugend.de\/index.php?rest_route=%2Fwp%2Fv2%2Fmedia&parent=443"}],"wp:term":[{"taxonomy":"category","embeddable":true,"href":"https:\/\/www.scv-jugend.de\/index.php?rest_route=%2Fwp%2Fv2%2Fcategories&post=443"},{"taxonomy":"post_tag","embeddable":true,"href":"https:\/\/www.scv-jugend.de\/index.php?rest_route=%2Fwp%2Fv2%2Ftags&post=443"}],"curies":[{"name":"wp","href":"https:\/\/api.w.org\/{rel}","templated":true}]}}