{"id":3670,"date":"2015-06-08T06:02:53","date_gmt":"2015-06-08T04:02:53","guid":{"rendered":"http:\/\/www.scv-jugend.de\/?p=3670"},"modified":"2015-06-08T06:08:47","modified_gmt":"2015-06-08T04:08:47","slug":"diesen-freitag-blitzturnier-beim-fc-bayern-muenchen","status":"publish","type":"post","link":"https:\/\/www.scv-jugend.de\/?p=3670","title":{"rendered":"Diesen Freitag, Blitzturnier beim FC Bayern M\u00fcnchen"},"content":{"rendered":"<p>Liebe Schachfreunde,<br \/>\nauch in diesem Jahr veranstaltet die Abteilung Schach<br \/>\ndes FC Bayern M\u00fcnchen in Zusammenarbeit mit ConSol* wieder die Blitzturnierserie<br \/>\nConSol* Super 6. Im Rahmen dieser Turnierserie laden wir am kommenden Freitag,<br \/>\nden 12.06.2015 ein zum<br \/>\nAdolf-Anderssen-Pokal<br \/>\nim<br \/>\nAnton-Fingerle-Bildungszentrum (Schlierseestra\u00dfe 47 in Giesing). Meldeschluss<br \/>\nist um 19:45 Uhr im Spiellokal. Die detaillierte Ausschreibung befindet sich wie<br \/>\n\u00fcblich im Internet<br \/>\nunter<br \/>\n<a href=\"http:\/\/www.fcbayern-schach.de\/files\/2015\/20150612-CS6-Anderssen.pdf\" target=\"_blank\">http:\/\/www.fcbayern-schach.de\/files\/2015\/20150612-CS6-Anderssen.pdf<\/a><br \/>\nWir<br \/>\nw\u00fcrden uns freuen, Sie zum Turnier begr\u00fc\u00dfen zu k\u00f6nnen!<br \/>\nFreundliche<br \/>\nGr\u00fc\u00dfe!<\/p>\n<p>J\u00f6rg Wengler<br \/>\nFC Bayern M\u00fcnchen e.V. &#8211; Abteilung Schach<\/p>\n","protected":false},"excerpt":{"rendered":"<p>Liebe Schachfreunde, auch in diesem Jahr veranstaltet die Abteilung Schach des FC Bayern M\u00fcnchen in Zusammenarbeit mit ConSol* wieder die Blitzturnierserie ConSol* Super 6. Im Rahmen dieser Turnierserie laden wir am kommenden Freitag, den 12.06.2015 ein zum Adolf-Anderssen-Pokal im Anton-Fingerle-Bildungszentrum &#8230; <a class=\"more-link\" href=\"https:\/\/www.scv-jugend.de\/?p=3670\">Read More &raquo;<\/a><\/p>\n","protected":false},"author":1,"featured_media":0,"comment_status":"closed","ping_status":"closed","sticky":false,"template":"","format":"standard","meta":{"footnotes":""},"categories":[],"tags":[],"class_list":["post-3670","post","type-post","status-publish","format-standard","hentry"],"_links":{"self":[{"href":"https:\/\/www.scv-jugend.de\/index.php?rest_route=\/wp\/v2\/posts\/3670","targetHints":{"allow":["GET"]}}],"collection":[{"href":"https:\/\/www.scv-jugend.de\/index.php?rest_route=\/wp\/v2\/posts"}],"about":[{"href":"https:\/\/www.scv-jugend.de\/index.php?rest_route=\/wp\/v2\/types\/post"}],"author":[{"embeddable":true,"href":"https:\/\/www.scv-jugend.de\/index.php?rest_route=\/wp\/v2\/users\/1"}],"replies":[{"embeddable":true,"href":"https:\/\/www.scv-jugend.de\/index.php?rest_route=%2Fwp%2Fv2%2Fcomments&post=3670"}],"version-history":[{"count":1,"href":"https:\/\/www.scv-jugend.de\/index.php?rest_route=\/wp\/v2\/posts\/3670\/revisions"}],"predecessor-version":[{"id":3671,"href":"https:\/\/www.scv-jugend.de\/index.php?rest_route=\/wp\/v2\/posts\/3670\/revisions\/3671"}],"wp:attachment":[{"href":"https:\/\/www.scv-jugend.de\/index.php?rest_route=%2Fwp%2Fv2%2Fmedia&parent=3670"}],"wp:term":[{"taxonomy":"category","embeddable":true,"href":"https:\/\/www.scv-jugend.de\/index.php?rest_route=%2Fwp%2Fv2%2Fcategories&post=3670"},{"taxonomy":"post_tag","embeddable":true,"href":"https:\/\/www.scv-jugend.de\/index.php?rest_route=%2Fwp%2Fv2%2Ftags&post=3670"}],"curies":[{"name":"wp","href":"https:\/\/api.w.org\/{rel}","templated":true}]}}