{"id":3503,"date":"2015-05-07T17:59:15","date_gmt":"2015-05-07T15:59:15","guid":{"rendered":"http:\/\/www.scv-jugend.de\/?p=3503"},"modified":"2015-05-07T18:00:07","modified_gmt":"2015-05-07T16:00:07","slug":"august-bebel-pokal","status":"publish","type":"post","link":"https:\/\/www.scv-jugend.de\/?p=3503","title":{"rendered":"August Bebel Pokal"},"content":{"rendered":"<p><a href=\"http:\/\/www.scv-jugend.de\/wp-content\/uploads\/2015\/05\/AB-Pokal2015.pdf\">AB-Pokal2015<\/a><\/p>\n<p>Liebe Schachfreunde,<\/p>\n<div><\/div>\n<div>auch heuer findet wieder das traditionelle Turnier des SC Roter Turm Altstadt um den August-Bebel-Pokal in der Zeit vom 10. Juni bis 22. Juli 2015 in unseren R\u00e4umen in der Arcisstra\u00dfe 45 statt &#8211; mit der neu im Bezirksverband f\u00fcr die Mannschaftsmeisterschaften eingef\u00fchrten Fischer-Bedenkzeit (90 Min. \/ 30 Z\u00fcge + 15 Min. + 30 Sek. pro Zug).<\/div>\n<div>Startgeld: EUr 20,00. Anmeldungen bis 10. Juni 2015, 19:15 Uhr. Oder besser vorab per Email, da die Teilnehmerzahl auf 40 begrenzt ist.<\/div>\n<div><\/div>\n<div>Ich bitte Sie, die Ausschreibung unter Ihren Mitgliedern bekannt zu machen.<\/div>\n<div><\/div>\n<div>Mit freundlichen Gr\u00fc\u00dfe<\/div>\n<div>Ralph Alt vom Roten Turm Altstadt<\/div>\n<div><\/div>\n","protected":false},"excerpt":{"rendered":"<p>AB-Pokal2015 Liebe Schachfreunde, auch heuer findet wieder das traditionelle Turnier des SC Roter Turm Altstadt um den August-Bebel-Pokal in der Zeit vom 10. Juni bis 22. Juli 2015 in unseren R\u00e4umen in der Arcisstra\u00dfe 45 statt &#8211; mit der neu &#8230; <a class=\"more-link\" href=\"https:\/\/www.scv-jugend.de\/?p=3503\">Read More &raquo;<\/a><\/p>\n","protected":false},"author":1,"featured_media":0,"comment_status":"closed","ping_status":"closed","sticky":false,"template":"","format":"standard","meta":{"footnotes":""},"categories":[],"tags":[],"class_list":["post-3503","post","type-post","status-publish","format-standard","hentry"],"_links":{"self":[{"href":"https:\/\/www.scv-jugend.de\/index.php?rest_route=\/wp\/v2\/posts\/3503","targetHints":{"allow":["GET"]}}],"collection":[{"href":"https:\/\/www.scv-jugend.de\/index.php?rest_route=\/wp\/v2\/posts"}],"about":[{"href":"https:\/\/www.scv-jugend.de\/index.php?rest_route=\/wp\/v2\/types\/post"}],"author":[{"embeddable":true,"href":"https:\/\/www.scv-jugend.de\/index.php?rest_route=\/wp\/v2\/users\/1"}],"replies":[{"embeddable":true,"href":"https:\/\/www.scv-jugend.de\/index.php?rest_route=%2Fwp%2Fv2%2Fcomments&post=3503"}],"version-history":[{"count":2,"href":"https:\/\/www.scv-jugend.de\/index.php?rest_route=\/wp\/v2\/posts\/3503\/revisions"}],"predecessor-version":[{"id":3505,"href":"https:\/\/www.scv-jugend.de\/index.php?rest_route=\/wp\/v2\/posts\/3503\/revisions\/3505"}],"wp:attachment":[{"href":"https:\/\/www.scv-jugend.de\/index.php?rest_route=%2Fwp%2Fv2%2Fmedia&parent=3503"}],"wp:term":[{"taxonomy":"category","embeddable":true,"href":"https:\/\/www.scv-jugend.de\/index.php?rest_route=%2Fwp%2Fv2%2Fcategories&post=3503"},{"taxonomy":"post_tag","embeddable":true,"href":"https:\/\/www.scv-jugend.de\/index.php?rest_route=%2Fwp%2Fv2%2Ftags&post=3503"}],"curies":[{"name":"wp","href":"https:\/\/api.w.org\/{rel}","templated":true}]}}