{"id":3434,"date":"2015-05-01T14:04:28","date_gmt":"2015-05-01T12:04:28","guid":{"rendered":"http:\/\/www.scv-jugend.de\/?p=3434"},"modified":"2015-05-04T22:25:50","modified_gmt":"2015-05-04T20:25:50","slug":"anmeldestatus-schachsommer","status":"publish","type":"post","link":"https:\/\/www.scv-jugend.de\/?p=3434","title":{"rendered":"Anmeldestatus Schachsommer"},"content":{"rendered":"<p>&nbsp;<br \/>\n1. Niederges\u00e4\u00df 1897<br \/>\n2. M\u00fchlhaus 1625<br \/>\n3. Abdalla 1534<br \/>\n4. Goldbeck 1491<br \/>\n5. Galensowske 1396<br \/>\n6. F\u00f6rster 1370<br \/>\n7. Schweighard 1242<br \/>\n8. Beisenov 1197<br \/>\n9. Rybalkin 1154<br \/>\n10. Schmitt Matthias 1145<br \/>\n11. Reischl 1042<br \/>\n12. Ziegler 1015<br \/>\n13. Kraftsik 995<br \/>\n14 Menzner Paul 976 abgesagt<br \/>\n15. Schmitt Xenia 784<br \/>\n16. Menzner Benno<br \/>\n17. Piske<br \/>\n18. Berger 1293<br \/>\n19. Eckenweber<br \/>\n&nbsp;<br \/>\nDWZ-Sotiert<br \/>\n&nbsp;<br \/>\nVaterstettener Schachsommer 2015<br \/>\nWie jedes Jahr findet in den Monaten Mai, Juni und Juli auch heuer wieder der Vaterstettener Schachsommer statt.<br \/>\nDer Schachsommer ist ein offenes Turnier, an dem jeder teilnehmen kann. Gespielt werden 7 Runden im Schweizer System. Am Freitag, 8. Mai, 22. Mai, 12. Juni, 19. Juni, 26. Juni sowie 10. Juli und 17. Juli finden die sieben Spielrunden statt. Spielbeginn ist jeweils 19:30 in Pfarrsaal Neukeferloh, Saarlandstrasse 10.<br \/>\nEs koennen 34 Te\u0131lnehmer m\u0131tsp\u0131elen. D\u0131e Anmeldung w\u0131rd \u0131m Internet best\u00e4t\u0131gt.<br \/>\nW\u0131r streben zwe\u0131 Sp\u0131elklassen an, e\u0131ne unter DWZ 1400 und e\u0131ne darueber.<br \/>\nUm die Spieler dieses Jahr an den Mietumkosten zu beteiligen, m\u00f6chten wir erstmals ein Startgeld von 10 \u20ac f\u00fcr vereinsexterne Teilnehmer erheben, d\u0131e dre\u0131 Erstplatz\u0131erten erhalten e\u0131nen Pokal.<br \/>\nE\u0131ne Verlegung e\u0131ner Sp\u0131elrunde \u0131st le\u0131der n\u0131cht mehr gestattet, dam\u0131t haben w\u0131r mehr als schlechte Erfahrungen gemacht. Nur wenn das Ergrbnis des Ersatzspieles am Tag der Eigentlichen Partie dem Spielleiter vorliegt, k\u00f6nnen wir eine Ausnahme machen. Das Turnier wird DWZ ausgewertet.<br \/>\nD\u0131e Bedenkze\u0131t betr\u00e4gt pro Sp\u0131eler 90 M\u0131nuten pro Part\u0131e.<\/p>\n<p>Freitag, 8. Mai: Runde 1 Vaterstettener Schachsommer<br \/>\nFreitag, 22. Mai: Runde 2<br \/>\nFreitag, 12. Juni: Runde 3<br \/>\nFreitag, 19. Juni: Runde 4<br \/>\nFreitag, 26. Juni: Runde 5<br \/>\nFreitag, 10. Juli: Runde 6<br \/>\nFreitag, 17. Juli: Runde 7 u. Siegerehrung<br \/>\nAnmeldungen k\u00f6nnen ab sofort bei Nikolas Galensowske, galeniko@hotmail.de, 08106 892644 werden.<\/p>\n<p><a href=\"http:\/\/www.scv-jugend.de\/wp-content\/uploads\/2015\/04\/schachsommer-2015.png\"><img loading=\"lazy\" decoding=\"async\" class=\"aligncenter size-medium wp-image-3438\" src=\"http:\/\/www.scv-jugend.de\/wp-content\/uploads\/2015\/04\/schachsommer-2015-300x252.png\" alt=\"schachsommer 2015\" width=\"300\" height=\"252\" srcset=\"https:\/\/www.scv-jugend.de\/wp-content\/uploads\/2015\/04\/schachsommer-2015-300x252.png 300w, https:\/\/www.scv-jugend.de\/wp-content\/uploads\/2015\/04\/schachsommer-2015.png 547w\" sizes=\"auto, (max-width: 300px) 100vw, 300px\" \/><\/a><\/p>\n","protected":false},"excerpt":{"rendered":"<p>&nbsp; 1. Niederges\u00e4\u00df 1897 2. M\u00fchlhaus 1625 3. Abdalla 1534 4. Goldbeck 1491 5. Galensowske 1396 6. F\u00f6rster 1370 7. Schweighard 1242 8. Beisenov 1197 9. Rybalkin 1154 10. Schmitt Matthias 1145 11. Reischl 1042 12. Ziegler 1015 13. Kraftsik &#8230; <a class=\"more-link\" href=\"https:\/\/www.scv-jugend.de\/?p=3434\">Read More &raquo;<\/a><\/p>\n","protected":false},"author":45,"featured_media":0,"comment_status":"closed","ping_status":"closed","sticky":false,"template":"","format":"standard","meta":{"footnotes":""},"categories":[],"tags":[],"class_list":["post-3434","post","type-post","status-publish","format-standard","hentry"],"_links":{"self":[{"href":"https:\/\/www.scv-jugend.de\/index.php?rest_route=\/wp\/v2\/posts\/3434","targetHints":{"allow":["GET"]}}],"collection":[{"href":"https:\/\/www.scv-jugend.de\/index.php?rest_route=\/wp\/v2\/posts"}],"about":[{"href":"https:\/\/www.scv-jugend.de\/index.php?rest_route=\/wp\/v2\/types\/post"}],"author":[{"embeddable":true,"href":"https:\/\/www.scv-jugend.de\/index.php?rest_route=\/wp\/v2\/users\/45"}],"replies":[{"embeddable":true,"href":"https:\/\/www.scv-jugend.de\/index.php?rest_route=%2Fwp%2Fv2%2Fcomments&post=3434"}],"version-history":[{"count":15,"href":"https:\/\/www.scv-jugend.de\/index.php?rest_route=\/wp\/v2\/posts\/3434\/revisions"}],"predecessor-version":[{"id":3498,"href":"https:\/\/www.scv-jugend.de\/index.php?rest_route=\/wp\/v2\/posts\/3434\/revisions\/3498"}],"wp:attachment":[{"href":"https:\/\/www.scv-jugend.de\/index.php?rest_route=%2Fwp%2Fv2%2Fmedia&parent=3434"}],"wp:term":[{"taxonomy":"category","embeddable":true,"href":"https:\/\/www.scv-jugend.de\/index.php?rest_route=%2Fwp%2Fv2%2Fcategories&post=3434"},{"taxonomy":"post_tag","embeddable":true,"href":"https:\/\/www.scv-jugend.de\/index.php?rest_route=%2Fwp%2Fv2%2Ftags&post=3434"}],"curies":[{"name":"wp","href":"https:\/\/api.w.org\/{rel}","templated":true}]}}