{"id":2342,"date":"2014-07-24T14:47:00","date_gmt":"2014-07-24T12:47:00","guid":{"rendered":"http:\/\/www.scv-jugend.de\/?p=2342"},"modified":"2014-07-24T14:51:10","modified_gmt":"2014-07-24T12:51:10","slug":"bayerischer-schachkongress-2016-hoffentllich-in-grasbrunn","status":"publish","type":"post","link":"https:\/\/www.scv-jugend.de\/?p=2342","title":{"rendered":"Bayerischer Schachkongress 2016 hoffentlich in Grasbrunn"},"content":{"rendered":"<p><span style=\"color: #000000;\">Sehr geehrte Damen und Herren,<\/span><br style=\"color: #000000;\" \/><br style=\"color: #000000;\" \/><span style=\"color: #000000;\">der gro\u00dfe B\u00fcrgerhaussaal in<\/span><br style=\"color: #000000;\" \/><br style=\"color: #000000;\" \/><span style=\"color: #000000;\">Neukeferloh<\/span><br style=\"color: #000000;\" \/><span style=\"color: #000000;\">Leonhard-Stadler-Str. 12<\/span><br style=\"color: #000000;\" \/><span style=\"color: #000000;\">85630 Grasbrunn-Neukeferloh<\/span><br style=\"color: #000000;\" \/><br style=\"color: #000000;\" \/><span style=\"color: #000000;\">und der kleine B\u00fcrgerhaussaal, nebenan, wurde von mir f\u00fcr den letzten Sa. im Juni 2016 dem<\/span><br style=\"color: #000000;\" \/><br style=\"color: #000000;\" \/><span style=\"color: #000000;\">25.06.2016<\/span><br style=\"color: #000000;\" \/><br style=\"color: #000000;\" \/><span style=\"color: #000000;\">ganzt\u00e4tig reserviert.<\/span><br style=\"color: #000000;\" \/><br style=\"color: #000000;\" \/><span style=\"color: #000000;\">Mit dabei ist die Gro\u00dfk\u00fcche in der der Caterer sich &#8222;ausleben&#8220; kann.<\/span><br style=\"color: #000000;\" \/><span style=\"color: #000000;\">Der Kleine Saal zus\u00e4tzlich, sehe ich als sinnvoll an, damit der Caterer Essen und Trinken\/ Kaffee in Ruhe aufbauen und abbauen kann.<\/span><br style=\"color: #000000;\" \/><span style=\"color: #000000;\">(kann sein das der Mietpreis dadurch etwas h\u00f6her ausf\u00e4llt, ist jedoch aus meiner Sicht logistisch sinnvoll)<\/span><br style=\"color: #000000;\" \/><br style=\"color: #000000;\" \/><span style=\"color: #000000;\">Ebenso geordert ist<\/span><br style=\"color: #000000;\" \/><br style=\"color: #000000;\" \/><span style=\"color: #000000;\">-Beamer<\/span><br style=\"color: #000000;\" \/><span style=\"color: #000000;\">-Leinwand<\/span><br style=\"color: #000000;\" \/><span style=\"color: #000000;\">-Funkmikro x 2<\/span><br style=\"color: #000000;\" \/><br style=\"color: #000000;\" \/><br style=\"color: #000000;\" \/><span style=\"color: #000000;\">Bestuhlung \/Tische sind vor Ort , m\u00fcssten aber durch die Schachfreunde entsprechend gestellt und nach der Veranstaltung zur\u00fcckgestellt werden<\/span><br style=\"color: #000000;\" \/><br style=\"color: #000000;\" \/><span style=\"color: #000000;\">Sobald ich solvente Caterer und Unterk\u00fcnfte habe melde ich mich.<\/span><br style=\"color: #000000;\" \/><br style=\"color: #000000;\" \/><span style=\"color: #000000;\">Beste Gr\u00fc\u00dfe<\/span><br style=\"color: #000000;\" \/><span style=\"color: #000000;\">Ihr<\/span><br style=\"color: #000000;\" \/><br style=\"color: #000000;\" \/><span style=\"color: #000000;\">Michael Hagen<\/span><\/p>\n","protected":false},"excerpt":{"rendered":"<p>Sehr geehrte Damen und Herren,der gro\u00dfe B\u00fcrgerhaussaal inNeukeferlohLeonhard-Stadler-Str. 1285630 Grasbrunn-Neukeferlohund der kleine B\u00fcrgerhaussaal, nebenan, wurde von mir f\u00fcr den letzten Sa. im Juni 2016 dem25.06.2016ganzt\u00e4tig reserviert.Mit dabei ist die Gro\u00dfk\u00fcche in der der Caterer sich &#8222;ausleben&#8220; kann.Der Kleine Saal zus\u00e4tzlich, &#8230; <a class=\"more-link\" href=\"https:\/\/www.scv-jugend.de\/?p=2342\">Read More &raquo;<\/a><\/p>\n","protected":false},"author":1,"featured_media":0,"comment_status":"open","ping_status":"closed","sticky":false,"template":"","format":"standard","meta":{"footnotes":""},"categories":[15],"tags":[],"class_list":["post-2342","post","type-post","status-publish","format-standard","hentry","category-25-veranstaltungen-ehrungen"],"_links":{"self":[{"href":"https:\/\/www.scv-jugend.de\/index.php?rest_route=\/wp\/v2\/posts\/2342","targetHints":{"allow":["GET"]}}],"collection":[{"href":"https:\/\/www.scv-jugend.de\/index.php?rest_route=\/wp\/v2\/posts"}],"about":[{"href":"https:\/\/www.scv-jugend.de\/index.php?rest_route=\/wp\/v2\/types\/post"}],"author":[{"embeddable":true,"href":"https:\/\/www.scv-jugend.de\/index.php?rest_route=\/wp\/v2\/users\/1"}],"replies":[{"embeddable":true,"href":"https:\/\/www.scv-jugend.de\/index.php?rest_route=%2Fwp%2Fv2%2Fcomments&post=2342"}],"version-history":[{"count":2,"href":"https:\/\/www.scv-jugend.de\/index.php?rest_route=\/wp\/v2\/posts\/2342\/revisions"}],"predecessor-version":[{"id":2344,"href":"https:\/\/www.scv-jugend.de\/index.php?rest_route=\/wp\/v2\/posts\/2342\/revisions\/2344"}],"wp:attachment":[{"href":"https:\/\/www.scv-jugend.de\/index.php?rest_route=%2Fwp%2Fv2%2Fmedia&parent=2342"}],"wp:term":[{"taxonomy":"category","embeddable":true,"href":"https:\/\/www.scv-jugend.de\/index.php?rest_route=%2Fwp%2Fv2%2Fcategories&post=2342"},{"taxonomy":"post_tag","embeddable":true,"href":"https:\/\/www.scv-jugend.de\/index.php?rest_route=%2Fwp%2Fv2%2Ftags&post=2342"}],"curies":[{"name":"wp","href":"https:\/\/api.w.org\/{rel}","templated":true}]}}