{"id":1962,"date":"2014-06-22T06:07:31","date_gmt":"2014-06-22T04:07:31","guid":{"rendered":"http:\/\/wordpress.cylusion.local\/?p=1962"},"modified":"2014-07-16T13:59:18","modified_gmt":"2014-07-16T11:59:18","slug":"schach-oper-beim-scv","status":"publish","type":"post","link":"https:\/\/www.scv-jugend.de\/?p=1962","title":{"rendered":"Schach-Oper beim SCV"},"content":{"rendered":"<p><!-- s9ymdb:1740 --><img loading=\"lazy\" decoding=\"async\" class=\"serendipity_image_left\" width=\"160\" height=\"240\"  src=\"\/uploads\/Oper-2.serendipityThumb.jpg\"  alt=\"\" \/>Schach-Oper in Vaterstetten und Kirchseeon<br \/>\nKreis- \u201eGerade war ich noch im Bett, und nun stehe ich auf einem \u2026 Schachbrett?!\u201c<br \/>\nSo f\u00e4ngt sie an, die Schach-Oper von Peter Mitschitczek, die schon in \u00d6sterreich, Deutschland, der Schweiz, aber auch in S\u00fcdafrika auf englisch gro\u00dfe Erfolge feierte. <!-- s9ymdb:1741 --><img loading=\"lazy\" decoding=\"async\" class=\"serendipity_image_right\" width=\"240\" height=\"160\"  src=\"\/uploads\/Oper-3.serendipityThumb.jpg\"  alt=\"\" \/><br \/>\n\u201eMir ist es ein Anliegen als klassisch ausgebildeter S\u00e4nger Kindern die Freude an der Oper zu vermitteln. Aus diesem Grund habe ich meine klassischen Singspiele entwickelt. Ich m\u00f6chte Kindern auf eine ungezwungene und spielerische Art \u2013 der Schachspieler w\u00fcrde en passant dazu sagen \u2013 erste Eindr\u00fccke klassischer Musik vorstellen und vermitteln. Deshalb habe ich die Schachoper erfunden, die ich ganz einfach mit meiner Opernstimme erz\u00e4hle. Und ich bin immer wieder \u00fcberrascht, wie Kinder, aber auch Erwachse staunen, wenn unmittelbar neben ihnen ein \u201eechter\u201c Operns\u00e4nger singt\u201c, meint der Wiener Operns\u00e4nger. <!-- s9ymdb:1739 --><img loading=\"lazy\" decoding=\"async\" class=\"serendipity_image_left\" width=\"240\" height=\"160\"  src=\"\/uploads\/Oper1.serendipityThumb.jpg\"  alt=\"\" \/><br \/>\nDie Schachoper schl\u00e4gt zwei p\u00e4dagogische Fliegen mit einer Klappe: Kinder bekommen auf  lustige, spannende Weise erste Eindr\u00fccke vom Schachspiel vermittelt und h\u00f6ren nebenbei, viele oft zum ersten Mal, eine Oper. Dabei steht der S\u00e4nger nicht weit weg auf einer B\u00fchne, nein, man kann ihn ohne Operngucker, aus n\u00e4chster N\u00e4he sehen und h\u00f6ren. Dabei legt der Operns\u00e4nger gro\u00dfen Wert darauf, immer live von einem Pianisten begleitet zu werden. Das erm\u00f6glicht ihm das Tempo des St\u00fcckes, der Lieder auf die Stimmung und Bed\u00fcrfnisse des jeweiligen Publikums anzupassen. Denn nur dadurch wird jede Auff\u00fchrung zu etwas Besonderem und Einzigartigen.<br \/>\nDie Schach-Oper findet am Freitag, 27. Juni um 16.15 Uhr im Pfarrsaal Neukeferloh in der Saarlandstra\u00dfe 10 statt. Am Samstag, 28. Juni sind zwei Auff\u00fchrungen um 15.00 und 17.00 Uhr beim Stra\u00dfenfest Vaterstetten  geplant. Am Sonntag, 29. Juni treten die K\u00fcnstler um 14.30 Uhr in der Grundschule Eglharting in der Graf Ullrichstra\u00dfe 10 auf. Es wird kein Eintritt erhoben, Spenden sind nat\u00fcrlich erw\u00fcnscht. <\/p>\n","protected":false},"excerpt":{"rendered":"<p>Schach-Oper in Vaterstetten und Kirchseeon Kreis- \u201eGerade war ich noch im Bett, und nun stehe ich auf einem \u2026 Schachbrett?!\u201c So f\u00e4ngt sie an, die Schach-Oper von Peter Mitschitczek, die schon in \u00d6sterreich, Deutschland, der Schweiz, aber auch in S\u00fcdafrika &#8230; <a class=\"more-link\" href=\"https:\/\/www.scv-jugend.de\/?p=1962\">Read More &raquo;<\/a><\/p>\n","protected":false},"author":1,"featured_media":0,"comment_status":"open","ping_status":"closed","sticky":false,"template":"","format":"standard","meta":{"footnotes":""},"categories":[15],"tags":[],"class_list":["post-1962","post","type-post","status-publish","format-standard","hentry","category-25-veranstaltungen-ehrungen"],"_links":{"self":[{"href":"https:\/\/www.scv-jugend.de\/index.php?rest_route=\/wp\/v2\/posts\/1962","targetHints":{"allow":["GET"]}}],"collection":[{"href":"https:\/\/www.scv-jugend.de\/index.php?rest_route=\/wp\/v2\/posts"}],"about":[{"href":"https:\/\/www.scv-jugend.de\/index.php?rest_route=\/wp\/v2\/types\/post"}],"author":[{"embeddable":true,"href":"https:\/\/www.scv-jugend.de\/index.php?rest_route=\/wp\/v2\/users\/1"}],"replies":[{"embeddable":true,"href":"https:\/\/www.scv-jugend.de\/index.php?rest_route=%2Fwp%2Fv2%2Fcomments&post=1962"}],"version-history":[{"count":1,"href":"https:\/\/www.scv-jugend.de\/index.php?rest_route=\/wp\/v2\/posts\/1962\/revisions"}],"predecessor-version":[{"id":2097,"href":"https:\/\/www.scv-jugend.de\/index.php?rest_route=\/wp\/v2\/posts\/1962\/revisions\/2097"}],"wp:attachment":[{"href":"https:\/\/www.scv-jugend.de\/index.php?rest_route=%2Fwp%2Fv2%2Fmedia&parent=1962"}],"wp:term":[{"taxonomy":"category","embeddable":true,"href":"https:\/\/www.scv-jugend.de\/index.php?rest_route=%2Fwp%2Fv2%2Fcategories&post=1962"},{"taxonomy":"post_tag","embeddable":true,"href":"https:\/\/www.scv-jugend.de\/index.php?rest_route=%2Fwp%2Fv2%2Ftags&post=1962"}],"curies":[{"name":"wp","href":"https:\/\/api.w.org\/{rel}","templated":true}]}}