{"id":1948,"date":"2014-06-11T11:52:00","date_gmt":"2014-06-11T09:52:00","guid":{"rendered":"http:\/\/wordpress.cylusion.local\/?p=1948"},"modified":"2014-07-16T13:59:35","modified_gmt":"2014-07-16T11:59:35","slug":"wolfgang-unzicker-vortrag-zum-gentleman-des-schachs","status":"publish","type":"post","link":"https:\/\/www.scv-jugend.de\/?p=1948","title":{"rendered":"Wolfgang Unzicker: Vortrag zum Gentleman des Schachs"},"content":{"rendered":"<p>Sehr geehrte Damen und Herren,<br \/>\nhallo liebe Schachfreunde,<br \/>\nder bekannte Publizist Gerhard Josten stellt sein neuestes Werk vor,<br \/>\n&#8222;Wolfgang Unzicker&#8220; &#8211; Leben und Werk des begnadeten deutschen<br \/>\nSchachgro\u00dfmeisters &#8211; auf 263 Seiten, mit zahlreichen Abbildungen und<br \/>\nkommentierten Schachpartien des &#8222;Amateur-Weltmeisters&#8220;.<br \/>\nAu\u00dferdem wird der Verleger des Buches, Herr Reinold Ripperger, an der<br \/>\nBuchvorstellung teilnehmen, ebenso Vertreter der Presse und des Buchhandels.<br \/>\nDie Buchpr\u00e4sentation findet am 27.06.2014, 18.00 &#8211; 19.00 Uhr, im Spiellokal<br \/>\ndes SK Tarrasch-1945 M\u00fcnchen statt:<br \/>\nAlten- und Service-Zentrum (ASZ) Untergiesing, Kolumbusstr.33 (am<br \/>\nKolumbusplatz); U1\/U2 Haltestelle Kolumbusplatz.<br \/>\nGM Wolfgang Unzicker war von 2000 bis zu seinem Tod am 20.April 2006<br \/>\nMitglied des SK Tarrasch-1945 M\u00fcnchen. Im Gedenken an diesen<br \/>\nbewundernswerten Menschen und Schachgro\u00dfmeister findet allj\u00e4hrlich das<br \/>\nTarrasch-Sommerturnier um den Wolfgang-Unzicker-Pokal statt.<br \/>\nWir w\u00e4ren Ihnen sehr verbunden, wenn Sie das o.g. Event\/Buchpr\u00e4sentation in<br \/>\nIhrem Verein in geeigneter Weise bekanntgeben w\u00fcrden, damit m\u00f6glichst viele<br \/>\ninteressierte Schachspieler und Schachfreunde daran teilnehmen k\u00f6nnen.<br \/>\nIm Anschlu\u00df an die Buchvorstellung findet nat\u00fcrlich dann um 19.30 Uhr die<br \/>\n3.Runde des Tarrasch-Sommerturniers statt.<br \/>\nUm Ihnen einen groben Eindruck \u00fcber das neue Buch &#8222;Wolfgang Unzicker&#8220; von<br \/>\nGerhard Josten  zu verschaffen, f\u00fcge ich als Anhang den Flyer &#8222;Wolfgang<br \/>\nUnzicker&#8220; bei z.g.K.<\/p>\n<p>Vielen ank f\u00fcr Ihre Bem\u00fchungen und beste Gr\u00fc\u00dfe<br \/>\nRudolf Buchner<br \/>\n1.Vorsitzender<br \/>\nSK Tarrasch-1945 M\u00fcnchen<\/p>\n","protected":false},"excerpt":{"rendered":"<p>Sehr geehrte Damen und Herren, hallo liebe Schachfreunde, der bekannte Publizist Gerhard Josten stellt sein neuestes Werk vor, &#8222;Wolfgang Unzicker&#8220; &#8211; Leben und Werk des begnadeten deutschen Schachgro\u00dfmeisters &#8211; auf 263 Seiten, mit zahlreichen Abbildungen und kommentierten Schachpartien des &#8222;Amateur-Weltmeisters&#8220;. &#8230; <a class=\"more-link\" href=\"https:\/\/www.scv-jugend.de\/?p=1948\">Read More &raquo;<\/a><\/p>\n","protected":false},"author":1,"featured_media":0,"comment_status":"open","ping_status":"closed","sticky":false,"template":"","format":"standard","meta":{"footnotes":""},"categories":[15,19],"tags":[],"class_list":["post-1948","post","type-post","status-publish","format-standard","hentry","category-25-veranstaltungen-ehrungen","category-30-vortraege"],"_links":{"self":[{"href":"https:\/\/www.scv-jugend.de\/index.php?rest_route=\/wp\/v2\/posts\/1948","targetHints":{"allow":["GET"]}}],"collection":[{"href":"https:\/\/www.scv-jugend.de\/index.php?rest_route=\/wp\/v2\/posts"}],"about":[{"href":"https:\/\/www.scv-jugend.de\/index.php?rest_route=\/wp\/v2\/types\/post"}],"author":[{"embeddable":true,"href":"https:\/\/www.scv-jugend.de\/index.php?rest_route=\/wp\/v2\/users\/1"}],"replies":[{"embeddable":true,"href":"https:\/\/www.scv-jugend.de\/index.php?rest_route=%2Fwp%2Fv2%2Fcomments&post=1948"}],"version-history":[{"count":1,"href":"https:\/\/www.scv-jugend.de\/index.php?rest_route=\/wp\/v2\/posts\/1948\/revisions"}],"predecessor-version":[{"id":2098,"href":"https:\/\/www.scv-jugend.de\/index.php?rest_route=\/wp\/v2\/posts\/1948\/revisions\/2098"}],"wp:attachment":[{"href":"https:\/\/www.scv-jugend.de\/index.php?rest_route=%2Fwp%2Fv2%2Fmedia&parent=1948"}],"wp:term":[{"taxonomy":"category","embeddable":true,"href":"https:\/\/www.scv-jugend.de\/index.php?rest_route=%2Fwp%2Fv2%2Fcategories&post=1948"},{"taxonomy":"post_tag","embeddable":true,"href":"https:\/\/www.scv-jugend.de\/index.php?rest_route=%2Fwp%2Fv2%2Ftags&post=1948"}],"curies":[{"name":"wp","href":"https:\/\/api.w.org\/{rel}","templated":true}]}}