{"id":1909,"date":"2014-04-07T20:08:28","date_gmt":"2014-04-07T20:08:28","guid":{"rendered":"http:\/\/wordpress.cylusion.local\/?p=1909"},"modified":"2014-04-07T20:08:28","modified_gmt":"2014-04-07T20:08:28","slug":"freitag-osterhasenblitz-beim-fc-bayern","status":"publish","type":"post","link":"https:\/\/www.scv-jugend.de\/?p=1909","title":{"rendered":"Freitag Osterhasenblitz beim FC Bayern"},"content":{"rendered":"<p>Liebe Schachfreunde,<\/p>\n<p>auch in diesem Jahr veranstaltet die Abteilung Schach des FC Bayern M\u00fcnchen in<br \/>\nZusammenarbeit mit ConSol* wieder die Blitzturnierserie ConSol* Super 6. Im<br \/>\nRahmen dieser Turnierserie laden wir am kommenden Freitag, den 11.04.2014 ein<br \/>\nzum<\/p>\n<p>Osterblitz<\/p>\n<p>im Anton-Fingerle-Bildungszentrum (Schlierseestra\u00dfe 47 in Giesing). Meldeschluss<br \/>\nist um 19:45 Uhr im Spiellokal. Die detaillierte Ausschreibung befindet sich wie<br \/>\n\u00fcblich im Internet unter<\/p>\n<p>http:\/\/www.fcbayern-schach.de\/files\/01_Ausschreibungen\/2014\/2014-CS6-2-Osterblitz.pdf<\/p>\n<p>Wir w\u00fcrden uns freuen, Sie zum Turnier begr\u00fc\u00dfen zu k\u00f6nnen!<\/p>\n<p>Freundliche Gr\u00fc\u00dfe!<\/p>\n<p>J\u00f6rg Wengler<br \/>\nFC Bayern M\u00fcnchen e.V. &#8211; Abteilung Schach<\/p>\n","protected":false},"excerpt":{"rendered":"<p>Liebe Schachfreunde, auch in diesem Jahr veranstaltet die Abteilung Schach des FC Bayern M\u00fcnchen in Zusammenarbeit mit ConSol* wieder die Blitzturnierserie ConSol* Super 6. Im Rahmen dieser Turnierserie laden wir am kommenden Freitag, den 11.04.2014 ein zum Osterblitz im Anton-Fingerle-Bildungszentrum &#8230; <a class=\"more-link\" href=\"https:\/\/www.scv-jugend.de\/?p=1909\">Read More &raquo;<\/a><\/p>\n","protected":false},"author":1,"featured_media":0,"comment_status":"open","ping_status":"closed","sticky":false,"template":"","format":"standard","meta":{"footnotes":""},"categories":[13],"tags":[],"class_list":["post-1909","post","type-post","status-publish","format-standard","hentry","category-23-turniere-muenchen"],"_links":{"self":[{"href":"https:\/\/www.scv-jugend.de\/index.php?rest_route=\/wp\/v2\/posts\/1909","targetHints":{"allow":["GET"]}}],"collection":[{"href":"https:\/\/www.scv-jugend.de\/index.php?rest_route=\/wp\/v2\/posts"}],"about":[{"href":"https:\/\/www.scv-jugend.de\/index.php?rest_route=\/wp\/v2\/types\/post"}],"author":[{"embeddable":true,"href":"https:\/\/www.scv-jugend.de\/index.php?rest_route=\/wp\/v2\/users\/1"}],"replies":[{"embeddable":true,"href":"https:\/\/www.scv-jugend.de\/index.php?rest_route=%2Fwp%2Fv2%2Fcomments&post=1909"}],"version-history":[{"count":0,"href":"https:\/\/www.scv-jugend.de\/index.php?rest_route=\/wp\/v2\/posts\/1909\/revisions"}],"wp:attachment":[{"href":"https:\/\/www.scv-jugend.de\/index.php?rest_route=%2Fwp%2Fv2%2Fmedia&parent=1909"}],"wp:term":[{"taxonomy":"category","embeddable":true,"href":"https:\/\/www.scv-jugend.de\/index.php?rest_route=%2Fwp%2Fv2%2Fcategories&post=1909"},{"taxonomy":"post_tag","embeddable":true,"href":"https:\/\/www.scv-jugend.de\/index.php?rest_route=%2Fwp%2Fv2%2Ftags&post=1909"}],"curies":[{"name":"wp","href":"https:\/\/api.w.org\/{rel}","templated":true}]}}