{"id":1705,"date":"2013-06-04T04:57:14","date_gmt":"2013-06-04T04:57:14","guid":{"rendered":"http:\/\/wordpress.cylusion.local\/?p=1705"},"modified":"2013-06-04T04:57:14","modified_gmt":"2013-06-04T04:57:14","slug":"freitag-workshop-beim-fc-bayern-3","status":"publish","type":"post","link":"https:\/\/www.scv-jugend.de\/?p=1705","title":{"rendered":"Freitag: Workshop beim FC Bayern"},"content":{"rendered":"<p>Liebe Schachfreunde,<\/p>\n<p>der SK Siemens M\u00fcnchen und die Abteilung Schach des FC Bayern M\u00fcnchen<br \/>\nveranstalten in diesem Jahr zwei Workshops mit GM Michael Prusikin. Der zweite<br \/>\ndieser Workshops findet am kommenden Freitag, den 07.06.2013 statt und tr\u00e4gt den<br \/>\nTitel<\/p>\n<p>&#8222;Rubinstein &#038; Co &#8211; warum klassisches Erbe Ihr Schachverst\u00e4ndnis erweitert&#8220;<\/p>\n<p>Hierzu laden wir Sie recht herzlich ein. Veranstaltungsbeginn ist um 19:30 Uhr<br \/>\nim Anton-Fingerle-Bildungszentrum in Giesing. Wir w\u00fcrden uns freuen, Sie zum<br \/>\nWorkshop begr\u00fc\u00dfen zu k\u00f6nnen!<\/p>\n<p>Freundliche Gr\u00fc\u00dfe!<\/p>\n<p>J\u00f6rg Wengler<br \/>\nFC Bayern M\u00fcnchen e.V. &#8211; Abteilung Schach<\/p>\n","protected":false},"excerpt":{"rendered":"<p>Liebe Schachfreunde, der SK Siemens M\u00fcnchen und die Abteilung Schach des FC Bayern M\u00fcnchen veranstalten in diesem Jahr zwei Workshops mit GM Michael Prusikin. Der zweite dieser Workshops findet am kommenden Freitag, den 07.06.2013 statt und tr\u00e4gt den Titel &#8222;Rubinstein &#8230; <a class=\"more-link\" href=\"https:\/\/www.scv-jugend.de\/?p=1705\">Read More &raquo;<\/a><\/p>\n","protected":false},"author":1,"featured_media":0,"comment_status":"open","ping_status":"closed","sticky":false,"template":"","format":"standard","meta":{"footnotes":""},"categories":[5],"tags":[],"class_list":["post-1705","post","type-post","status-publish","format-standard","hentry","category-14-scv-t-e-r-m-i-n-e-adressen"],"_links":{"self":[{"href":"https:\/\/www.scv-jugend.de\/index.php?rest_route=\/wp\/v2\/posts\/1705","targetHints":{"allow":["GET"]}}],"collection":[{"href":"https:\/\/www.scv-jugend.de\/index.php?rest_route=\/wp\/v2\/posts"}],"about":[{"href":"https:\/\/www.scv-jugend.de\/index.php?rest_route=\/wp\/v2\/types\/post"}],"author":[{"embeddable":true,"href":"https:\/\/www.scv-jugend.de\/index.php?rest_route=\/wp\/v2\/users\/1"}],"replies":[{"embeddable":true,"href":"https:\/\/www.scv-jugend.de\/index.php?rest_route=%2Fwp%2Fv2%2Fcomments&post=1705"}],"version-history":[{"count":0,"href":"https:\/\/www.scv-jugend.de\/index.php?rest_route=\/wp\/v2\/posts\/1705\/revisions"}],"wp:attachment":[{"href":"https:\/\/www.scv-jugend.de\/index.php?rest_route=%2Fwp%2Fv2%2Fmedia&parent=1705"}],"wp:term":[{"taxonomy":"category","embeddable":true,"href":"https:\/\/www.scv-jugend.de\/index.php?rest_route=%2Fwp%2Fv2%2Fcategories&post=1705"},{"taxonomy":"post_tag","embeddable":true,"href":"https:\/\/www.scv-jugend.de\/index.php?rest_route=%2Fwp%2Fv2%2Ftags&post=1705"}],"curies":[{"name":"wp","href":"https:\/\/api.w.org\/{rel}","templated":true}]}}