{"id":15,"date":"2007-10-21T08:54:27","date_gmt":"2007-10-21T08:54:27","guid":{"rendered":"http:\/\/wordpress.cylusion.local\/?p=15"},"modified":"2007-10-21T08:54:27","modified_gmt":"2007-10-21T08:54:27","slug":"auszeichnung-des-deutschen-schachbundes-im-rathaus","status":"publish","type":"post","link":"https:\/\/www.scv-jugend.de\/?p=15","title":{"rendered":"Auszeichnung des Deutschen Schachbundes im Rathaus"},"content":{"rendered":"<p><!-- s9ymdb:13 --><img loading=\"lazy\" decoding=\"async\" width=\"300\" height=\"218\" style=\"float: left; border: 0px; padding-left: 5px; padding-right: 5px;\" src=\"\/uploads\/ehrung_dsb_2007.jpg\" alt=\"\" \/>Bereits zum dritten Mal wurde die Schachjugend Vaterstetten vom Deutschen Schachbund f\u00fcr seine sehr intensive und vielf\u00e4ltige Jugendarbeit geehrt. Bei einer gelungenen Feier im Rathaus Vaterstetten erhielt der Verein erneut das Pr\u00e4dikat Top-Verein f\u00fcr Kinder und Jugendschach.<br \/>\nModeratorin Caroline L\u00f6sch empfing die zahlreichen G\u00e4ste. Der Schachclub-Gemeinderat Stefan Schmidt erz\u00e4hlte aus eigener Erfahrung von seinen positiven Erlebnissen in der Schachclub-Jugend. Helmut Stadler, der Vorsitzende der Bayerischen Schachjugend lobte die zahlreichen Aktivit\u00e4ten des Vereins. Der Vorsitzende des Vereins und der Deutschen Schulschachstiftung, Walter R\u00e4dler, freute sich \u00fcber die zahlreichen Erfolge der Jugend. Dieses Jahr qualifizierten sich zwei Teams f\u00fcr die Deutsche Meisterschaft, Ferdinand Xiong spielt sogar bei den Weltmeisterschaften mit. Seine vielen Jugendgruppenleiter sind seiner Meinung nach unbezahlbar, die Eltern wirken positiv beim Verein mit. Erfolge sind immer von der Qualit\u00e4t der Lehrer abh\u00e4ngig, mit der Gro\u00dfmeisterin Elena Levuchkina besitzen die Vaterstettener eine Top-Trainerin. Mit dem Schach-Zivi Max Diefenbach haben die Vaterstettener einen sehr guten Fang gemacht.  Gro\u00dfmeister Dr. Helmut Pfleger erw\u00e4hnte, dass der SC Vaterstetten der zweitgr\u00f6\u00dfte Verein Deutschlands ist, was ihn immer wieder erstaunt.  Anschlie\u00dfend \u00fcberreichte er der Erstkl\u00e4sslerin Ann-Sophie B\u00e4hr die Urkunde und einen Scheck \u00fcber 250 Euro.<br \/>\nNach einer gemeinsamen Mahlzeit wagten viele noch ein Simultanspiel mit der Gro\u00dfmeisterin Elena Levuchkina an 30 Brettern. Mit 25,5:4,5  ging der Vergleichskampf eindeutig an die Trainerin. Jonas Opitz nutzte einen Fehler gnadenlos aus und gewann als einziger. Manfred Patz, Jonas Hecht, Ferdinand Xiong, Valentin Schottenheim, Christian S\u00fc\u00df, Guido Stoll und Florian Borchert freuten sich \u00fcber ein Remis.<br \/>\nAls Geschenk erhielt jeder Besucher noch die Zeitschrift \u201cIm Namen des K\u00f6nigs!\u201c. <\/p>\n<p>Thorsten Arndt machte sch\u00f6ne Fotos, zu finden in dieser <a href=\"scv_pages\/album_scv\/expose.html\">Fotoflashgalerie<\/a>.<\/p>\n","protected":false},"excerpt":{"rendered":"<p>Bereits zum dritten Mal wurde die Schachjugend Vaterstetten vom Deutschen Schachbund f\u00fcr seine sehr intensive und vielf\u00e4ltige Jugendarbeit geehrt. Bei einer gelungenen Feier im Rathaus Vaterstetten erhielt der Verein erneut das Pr\u00e4dikat Top-Verein f\u00fcr Kinder und Jugendschach. Moderatorin Caroline L\u00f6sch &#8230; <a class=\"more-link\" href=\"https:\/\/www.scv-jugend.de\/?p=15\">Read More &raquo;<\/a><\/p>\n","protected":false},"author":1,"featured_media":0,"comment_status":"open","ping_status":"closed","sticky":false,"template":"","format":"standard","meta":{"footnotes":""},"categories":[15],"tags":[],"class_list":["post-15","post","type-post","status-publish","format-standard","hentry","category-25-veranstaltungen-ehrungen"],"_links":{"self":[{"href":"https:\/\/www.scv-jugend.de\/index.php?rest_route=\/wp\/v2\/posts\/15","targetHints":{"allow":["GET"]}}],"collection":[{"href":"https:\/\/www.scv-jugend.de\/index.php?rest_route=\/wp\/v2\/posts"}],"about":[{"href":"https:\/\/www.scv-jugend.de\/index.php?rest_route=\/wp\/v2\/types\/post"}],"author":[{"embeddable":true,"href":"https:\/\/www.scv-jugend.de\/index.php?rest_route=\/wp\/v2\/users\/1"}],"replies":[{"embeddable":true,"href":"https:\/\/www.scv-jugend.de\/index.php?rest_route=%2Fwp%2Fv2%2Fcomments&post=15"}],"version-history":[{"count":0,"href":"https:\/\/www.scv-jugend.de\/index.php?rest_route=\/wp\/v2\/posts\/15\/revisions"}],"wp:attachment":[{"href":"https:\/\/www.scv-jugend.de\/index.php?rest_route=%2Fwp%2Fv2%2Fmedia&parent=15"}],"wp:term":[{"taxonomy":"category","embeddable":true,"href":"https:\/\/www.scv-jugend.de\/index.php?rest_route=%2Fwp%2Fv2%2Fcategories&post=15"},{"taxonomy":"post_tag","embeddable":true,"href":"https:\/\/www.scv-jugend.de\/index.php?rest_route=%2Fwp%2Fv2%2Ftags&post=15"}],"curies":[{"name":"wp","href":"https:\/\/api.w.org\/{rel}","templated":true}]}}