{"id":1394,"date":"2012-01-06T09:33:00","date_gmt":"2012-01-06T09:33:00","guid":{"rendered":"http:\/\/wordpress.cylusion.local\/?p=1394"},"modified":"2012-01-06T09:33:00","modified_gmt":"2012-01-06T09:33:00","slug":"termine-kinder-und-jugendliche-2012-1","status":"publish","type":"post","link":"https:\/\/www.scv-jugend.de\/?p=1394","title":{"rendered":"Termine Kinder und Jugendliche 2012 &#8211; 1"},"content":{"rendered":"<p>TERMINPLAN KINDER UND JUGENDLICHE <\/p>\n<p>Liebe Kinder, liebe Jugendliche, liebe Eltern,<br \/>\nDie Trainingszeiten bleiben \u00e4hnlich:<br \/>\nGrundschule 14.30 bis 16.00 Uhr<br \/>\nKarl-Hermann M\u00fchlhaus: 14.30 \u2013 16.00 Uhr<br \/>\nDmtri Ter-Minassian: Auch wie gehabt<br \/>\nJugendliche 1: sollen auch um 18.30 Uhr kommen, wer nicht kann, mich bitte kontaktieren.<br \/>\nJugendliche 2: 18.30 \u2013 19.30 Uhr <\/p>\n<p>Unsere Anmeldeevents sind:<br \/>\na)\tFaschingsferien Unzickerpokal am 22. und 23.Februar , Anmeldung bis zum 15.2, Unkostenbeitrag Essen = 10 Euro), wird intern ausgetragen<br \/>\nb)\tFaschingscamp Osterferien, 12. April, Unkosten 5 Euro,<br \/>\nc)\tSchachfreizeit Burghausen 3 Tage, 6-8. Juni, Unkosten 90 Euro, Anmeldung bis 1. Mai, Mindestteilnehmeranzahl<br \/>\nd)\tAnmeldung Sonntag, 1. Juli, Vereinsausflug,  Bayernpark mit neuen Fahrm\u00f6glichkeiten, 15 Euro f\u00fcr Bus und Eintritt, Eltern k\u00f6nnen als Begleitperson mitfahren<br \/>\ne)\tSchach auf dem Pferdehof, September in den Sommerferien, bitte Interessenten melden. <\/p>\n<p>Januar<br \/>\n\u2022\tFreitag, 13. Januar: Jugendversammlung, 14.30 Uhr f\u00fcr alle, kein Schach um 16 18.30 Uhr<br \/>\n\u2022\tFreitag, 20. Januar: Training<br \/>\n\u2022\t(Samstag, 21. Januar: Landesliga und Bayernliga)<br \/>\n\u2022\tFreitag, 27. Januar:  15-Minuten-Turnier, 14.30 bis 16.30 Uhr f\u00fcr Grundsch\u00fcler und Jugendliche <\/p>\n<p>Februar<br \/>\n\u2022\tFreitag, 3. Februar: Training<br \/>\n\u2022\t(4. Februar 2012 10:00 Uhr Jugendbezirksligen U 20 2011\/2012 &#8211; 4.+5. Runde)<br \/>\n\u2022\tFreitag, 10. Februar: Training<br \/>\n\u2022\t(Samstag, 11. Februar: Bayerische M\u00e4dchenmeisterschaft in Mittelfranken)<br \/>\n\u2022\tFreitag, 17. Februar: Faschingsschach f\u00fcr die Grundsch\u00fcler , R\u00e4uberschachturnier  (14.30 bis 16.30 Uhr)<br \/>\n\u2022\t(Mittwoch, 22. und Donnerstag, 23. Februar) Wolfgang Unzicker-Ged\u00e4chtnispokal, 6 Runden mit einer Stunde Bedenkzeit, JUZ  Vaterstetten, 10.00 bis 17.00 Uhr, bitte um Voranmeldung, intern) <\/p>\n<p>M\u00e4rz<br \/>\n\u2022\tFreitag, 2. M\u00e4rz:  Training<br \/>\n\u2022\tSamstag, 3. M\u00e4rz: 1. Runde U12 Bayern<br \/>\n\u2022\tFreitag, 9. M\u00e4rz: Training<br \/>\n\u2022\t(Samstag, 10. M\u00e4rz: Bayern- und Landesliga)<br \/>\n\u2022\t(Samstag, 10. M\u00e4rz: Girls-Camp, just for girls)<br \/>\n\u2022\tFreitag, 16. M\u00e4rz: Grundschulblitzturnier, 14.30 bis 16.30 Uhr, Jugendliche 17.oo bis 19.00 Uhr<br \/>\n\u2022\tFreitag, 23. M\u00e4rz: Kegeln 15.00 &#8211; 17.30 Uhr Alter Hof, Fasanenstra\u00dfe 1<br \/>\n\u2022\tFreitag, 30. M\u00e4rz: Training<br \/>\nBeim B\u00fccherflohmarkt gehen wir zum Kegeln, leider wurde uns kein Termin mitgeteilt. <\/p>\n<p>April<br \/>\n\u2022\t(Sonntag, 1. April: Rapidturnier in Deisenhofen)<br \/>\n\u2022\t(Donnertag, 12 April: Ferienschachcamp im Juz:  9-17.00 Uhr)<br \/>\n\u2022\tFreitag, 20. April: Training<br \/>\n\u2022\tFreitag, 27. April: K\u00f6nigs-Cup Grundschule 14.30 bis 16.30 Uhr, Jugendliche 17.00 \u2013 19.00 Uhr  <\/p>\n<p>Mai<br \/>\n\u2022\tFreitag, 4. Mai<br \/>\n\u2022\tFreitag, 11. Mai; Vereinsmeisterschaften Kinder und Jugendliche, (14.30 bis 17.00 Uhr)  WALTER WEG<br \/>\n\u2022\t(Samstag, 12. Mai 2012 10:00 Uhr  Jugendbezirksligen U 20 2011\/2012 &#8211; 6.+7. Runde)<br \/>\n\u2022\t(Donnerstag, 17. Mai: Turnier in Garching)<br \/>\n\u2022\tFreitag, 18. Mai- Br\u00fcckentag: Training<br \/>\n\u2022\tFreitag, 25. Mai Training <\/p>\n<p>Juni<br \/>\n\u2022\t(Mittwoch, 6-8. Juni: Schachferienfreizeit Burghausen, Kosten 90 Euro)<br \/>\n\u2022\tFreitag, 15. Juni: Schach-Kindersommer, Runde 1,  WALTER DSJ-Akademie<br \/>\n\u2022\tFreitag, 22. Juni: Schach-Kindersommer Runde 2<br \/>\n\u2022\t(Sonntag, 24. Juni: Turnier in Ergolding)<br \/>\n\u2022\tFreitag, 29. Juni : Training<br \/>\n\u2022\tFreitag, 29. Juni: 17 bis 20.00 Uhr: Girls Cup <\/p>\n<p>Juli<br \/>\n\u2022\tSonntag, 1. Juli: Vereinsausflug zum Bayernpark, Anmeldung ab  sofort m\u00f6glich, 15 Euro Geb\u00fchr<br \/>\n\u2022\tFreitag, 6. Juli (Bernstein): Schach-Kindersommer, Runde 3<br \/>\n\u2022\tFreitag, 13. Juli: Schach-Kindersommer, Runde 4<br \/>\n\u2022\tFreitag, 20. Juli, Schach-Kindersommer, Runde 5<br \/>\n\u2022\tFreitag, 27. Juli: Vaterstettener Minigolfmeisterschaft um 15.00 Uhr<\/p>\n<p>September<br \/>\n\u2022\t(Sommerferien 2 Tage Schachferienfreizeit auf dem Pferdehof, wahrscheinlich zusammen mit Bayerischer Schachjugend)<\/p>\n<p>Viele Gr\u00fc\u00dfe Euer Walter R\u00e4dler, Karwendelplatz 8, 85598 Baldham, E-Mail: Wraedler@aol.com, www.scv-jugend.de, AB 08106 7164<br \/>\nANMELDUNG (bitte ankreuzen)<br \/>\nNAME: ________________________<br \/>\nO\tFaschingsferien Unzickerpokal,<br \/>\nO\tFaschingscamp Osterferien, 12. April<br \/>\nO\tSchachfreizeit Burghausen 3 Tage, 6-8. Juni<br \/>\nO\tAnmeldung Sonntag, 1. Juli, Vereinsausflug,  Bayernpark<br \/>\nO\tSchach auf dem Pferdehof (Interesse)<\/p>\n","protected":false},"excerpt":{"rendered":"<p>TERMINPLAN KINDER UND JUGENDLICHE Liebe Kinder, liebe Jugendliche, liebe Eltern, Die Trainingszeiten bleiben \u00e4hnlich: Grundschule 14.30 bis 16.00 Uhr Karl-Hermann M\u00fchlhaus: 14.30 \u2013 16.00 Uhr Dmtri Ter-Minassian: Auch wie gehabt Jugendliche 1: sollen auch um 18.30 Uhr kommen, wer nicht &#8230; <a class=\"more-link\" href=\"https:\/\/www.scv-jugend.de\/?p=1394\">Read More &raquo;<\/a><\/p>\n","protected":false},"author":1,"featured_media":0,"comment_status":"open","ping_status":"closed","sticky":false,"template":"","format":"standard","meta":{"footnotes":""},"categories":[],"tags":[],"class_list":["post-1394","post","type-post","status-publish","format-standard","hentry"],"_links":{"self":[{"href":"https:\/\/www.scv-jugend.de\/index.php?rest_route=\/wp\/v2\/posts\/1394","targetHints":{"allow":["GET"]}}],"collection":[{"href":"https:\/\/www.scv-jugend.de\/index.php?rest_route=\/wp\/v2\/posts"}],"about":[{"href":"https:\/\/www.scv-jugend.de\/index.php?rest_route=\/wp\/v2\/types\/post"}],"author":[{"embeddable":true,"href":"https:\/\/www.scv-jugend.de\/index.php?rest_route=\/wp\/v2\/users\/1"}],"replies":[{"embeddable":true,"href":"https:\/\/www.scv-jugend.de\/index.php?rest_route=%2Fwp%2Fv2%2Fcomments&post=1394"}],"version-history":[{"count":0,"href":"https:\/\/www.scv-jugend.de\/index.php?rest_route=\/wp\/v2\/posts\/1394\/revisions"}],"wp:attachment":[{"href":"https:\/\/www.scv-jugend.de\/index.php?rest_route=%2Fwp%2Fv2%2Fmedia&parent=1394"}],"wp:term":[{"taxonomy":"category","embeddable":true,"href":"https:\/\/www.scv-jugend.de\/index.php?rest_route=%2Fwp%2Fv2%2Fcategories&post=1394"},{"taxonomy":"post_tag","embeddable":true,"href":"https:\/\/www.scv-jugend.de\/index.php?rest_route=%2Fwp%2Fv2%2Ftags&post=1394"}],"curies":[{"name":"wp","href":"https:\/\/api.w.org\/{rel}","templated":true}]}}