{"id":1350,"date":"2012-01-12T19:11:49","date_gmt":"2012-01-12T19:11:49","guid":{"rendered":"http:\/\/wordpress.cylusion.local\/?p=1350"},"modified":"2012-01-12T19:11:49","modified_gmt":"2012-01-12T19:11:49","slug":"freitag-23-maerz-15-17-30-uhr-kegeln","status":"publish","type":"post","link":"https:\/\/www.scv-jugend.de\/?p=1350","title":{"rendered":"Freitag, 23. M\u00e4rz, 15-17.30 Uhr Kegeln"},"content":{"rendered":"<p>Hallo Herr R\u00e4dler,<br \/>\nwie jedes Jahr findet wieder unser B\u00fcchermarkt im Fr\u00fchjahr statt. Dieses Jahr ist es vom 23. &#8211; 25.03.2012. Am Freitag, den 23.03.2012 ist somit der gesamte EG Bereich gesperrt.<br \/>\nVielen Dank f\u00fcr Ihr Verst\u00e4ndnis und viele Gr\u00fc\u00dfe<br \/>\nVioleta Wallace <\/p>\n","protected":false},"excerpt":{"rendered":"<p>Hallo Herr R\u00e4dler, wie jedes Jahr findet wieder unser B\u00fcchermarkt im Fr\u00fchjahr statt. Dieses Jahr ist es vom 23. &#8211; 25.03.2012. Am Freitag, den 23.03.2012 ist somit der gesamte EG Bereich gesperrt. Vielen Dank f\u00fcr Ihr Verst\u00e4ndnis und viele Gr\u00fc\u00dfe &#8230; <a class=\"more-link\" href=\"https:\/\/www.scv-jugend.de\/?p=1350\">Read More &raquo;<\/a><\/p>\n","protected":false},"author":1,"featured_media":0,"comment_status":"open","ping_status":"closed","sticky":false,"template":"","format":"standard","meta":{"footnotes":""},"categories":[],"tags":[],"class_list":["post-1350","post","type-post","status-publish","format-standard","hentry"],"_links":{"self":[{"href":"https:\/\/www.scv-jugend.de\/index.php?rest_route=\/wp\/v2\/posts\/1350","targetHints":{"allow":["GET"]}}],"collection":[{"href":"https:\/\/www.scv-jugend.de\/index.php?rest_route=\/wp\/v2\/posts"}],"about":[{"href":"https:\/\/www.scv-jugend.de\/index.php?rest_route=\/wp\/v2\/types\/post"}],"author":[{"embeddable":true,"href":"https:\/\/www.scv-jugend.de\/index.php?rest_route=\/wp\/v2\/users\/1"}],"replies":[{"embeddable":true,"href":"https:\/\/www.scv-jugend.de\/index.php?rest_route=%2Fwp%2Fv2%2Fcomments&post=1350"}],"version-history":[{"count":0,"href":"https:\/\/www.scv-jugend.de\/index.php?rest_route=\/wp\/v2\/posts\/1350\/revisions"}],"wp:attachment":[{"href":"https:\/\/www.scv-jugend.de\/index.php?rest_route=%2Fwp%2Fv2%2Fmedia&parent=1350"}],"wp:term":[{"taxonomy":"category","embeddable":true,"href":"https:\/\/www.scv-jugend.de\/index.php?rest_route=%2Fwp%2Fv2%2Fcategories&post=1350"},{"taxonomy":"post_tag","embeddable":true,"href":"https:\/\/www.scv-jugend.de\/index.php?rest_route=%2Fwp%2Fv2%2Ftags&post=1350"}],"curies":[{"name":"wp","href":"https:\/\/api.w.org\/{rel}","templated":true}]}}