{"id":1348,"date":"2012-01-15T07:44:12","date_gmt":"2012-01-15T07:44:12","guid":{"rendered":"http:\/\/wordpress.cylusion.local\/?p=1348"},"modified":"2012-01-15T07:44:12","modified_gmt":"2012-01-15T07:44:12","slug":"antrag-jahreshauptversammlung","status":"publish","type":"post","link":"https:\/\/www.scv-jugend.de\/?p=1348","title":{"rendered":"Antrag Jahreshauptversammlung"},"content":{"rendered":"<p>Hallo Walter,<br \/>\nein Antrag zur Tagesordnung:<br \/>\nIch bitte, die TOP\u2019s 10 und 11 zu vertauschen.<br \/>\nBegr\u00fcndung: Der geborene Versammlungsleiter ist der 1. Vorsitzende. Ich f\u00e4nde es seltsam, wenn unter seiner Versammlungsleitung \u00fcber seine Entlastung abgestimmt w\u00fcrde.<br \/>\nEin Antrag zu TOP 13:<br \/>\nDer Verein m\u00f6ge \u00fcberlegen, ob der Vaterstettener Schachsommer nicht wieder montags stattfinden sollte.<br \/>\nBegr\u00fcndung: Am Freitag haben die meisten Vereine im Bezirk M\u00fcnchen ihre Vereinsabende, dagegen findet montags nichts statt. Es steht zu bef\u00fcrchten, dass durch den anderen Wochentag weniger Nicht-Vaterstettener Teilnehmer kommen. Das Jahr 2012 bietet Gelegenheit festzustellen, ob meine Bef\u00fcrchtung zutrifft.<br \/>\nViele Gr\u00fc\u00dfe Viktor<\/p>\n","protected":false},"excerpt":{"rendered":"<p>Hallo Walter, ein Antrag zur Tagesordnung: Ich bitte, die TOP\u2019s 10 und 11 zu vertauschen. Begr\u00fcndung: Der geborene Versammlungsleiter ist der 1. Vorsitzende. Ich f\u00e4nde es seltsam, wenn unter seiner Versammlungsleitung \u00fcber seine Entlastung abgestimmt w\u00fcrde. Ein Antrag zu TOP &#8230; <a class=\"more-link\" href=\"https:\/\/www.scv-jugend.de\/?p=1348\">Read More &raquo;<\/a><\/p>\n","protected":false},"author":1,"featured_media":0,"comment_status":"open","ping_status":"closed","sticky":false,"template":"","format":"standard","meta":{"footnotes":""},"categories":[4],"tags":[],"class_list":["post-1348","post","type-post","status-publish","format-standard","hentry","category-13-turniere-scv"],"_links":{"self":[{"href":"https:\/\/www.scv-jugend.de\/index.php?rest_route=\/wp\/v2\/posts\/1348","targetHints":{"allow":["GET"]}}],"collection":[{"href":"https:\/\/www.scv-jugend.de\/index.php?rest_route=\/wp\/v2\/posts"}],"about":[{"href":"https:\/\/www.scv-jugend.de\/index.php?rest_route=\/wp\/v2\/types\/post"}],"author":[{"embeddable":true,"href":"https:\/\/www.scv-jugend.de\/index.php?rest_route=\/wp\/v2\/users\/1"}],"replies":[{"embeddable":true,"href":"https:\/\/www.scv-jugend.de\/index.php?rest_route=%2Fwp%2Fv2%2Fcomments&post=1348"}],"version-history":[{"count":0,"href":"https:\/\/www.scv-jugend.de\/index.php?rest_route=\/wp\/v2\/posts\/1348\/revisions"}],"wp:attachment":[{"href":"https:\/\/www.scv-jugend.de\/index.php?rest_route=%2Fwp%2Fv2%2Fmedia&parent=1348"}],"wp:term":[{"taxonomy":"category","embeddable":true,"href":"https:\/\/www.scv-jugend.de\/index.php?rest_route=%2Fwp%2Fv2%2Fcategories&post=1348"},{"taxonomy":"post_tag","embeddable":true,"href":"https:\/\/www.scv-jugend.de\/index.php?rest_route=%2Fwp%2Fv2%2Ftags&post=1348"}],"curies":[{"name":"wp","href":"https:\/\/api.w.org\/{rel}","templated":true}]}}