{"id":1341,"date":"2012-01-10T16:58:30","date_gmt":"2012-01-10T16:58:30","guid":{"rendered":"http:\/\/wordpress.cylusion.local\/?p=1341"},"modified":"2012-01-10T16:58:30","modified_gmt":"2012-01-10T16:58:30","slug":"absage-sportlerehrung","status":"publish","type":"post","link":"https:\/\/www.scv-jugend.de\/?p=1341","title":{"rendered":"Absage Sportlerehrung"},"content":{"rendered":"<p>Alle anderen sind durchgegangen, die ABsage ist den Statuten entsprechend. <\/p>\n<p>Sehr geehrter Herr R\u00e4dler,<br \/>\nnach der Ehrenordnung des Landkreises kann die folgende Meldung der U16 M\u00fcnchner Meister<br \/>\nbei der diesj\u00e4hrigen Sportlerehrung leider nicht ber\u00fccksichtigt werden:<br \/>\nRaphael          Nitsche-Hahn<br \/>\nMaxim             Frenkel<br \/>\nMaxim             Nitsche-Hahn<br \/>\nOliver              Schackmann<br \/>\nMannschaft bereits f\u00fcr gleiche Leistung geehrt; weniger als 50% neue Sportler<br \/>\nWir bitten Sie um Verst\u00e4ndnis.<br \/>\nOliver und Raphael werden wegen der U20 geehrt.<br \/>\nMit freundlichen Gr\u00fc\u00dfen<\/p>\n","protected":false},"excerpt":{"rendered":"<p>Alle anderen sind durchgegangen, die ABsage ist den Statuten entsprechend. Sehr geehrter Herr R\u00e4dler, nach der Ehrenordnung des Landkreises kann die folgende Meldung der U16 M\u00fcnchner Meister bei der diesj\u00e4hrigen Sportlerehrung leider nicht ber\u00fccksichtigt werden: Raphael Nitsche-Hahn Maxim Frenkel Maxim &#8230; <a class=\"more-link\" href=\"https:\/\/www.scv-jugend.de\/?p=1341\">Read More &raquo;<\/a><\/p>\n","protected":false},"author":1,"featured_media":0,"comment_status":"open","ping_status":"closed","sticky":false,"template":"","format":"standard","meta":{"footnotes":""},"categories":[20],"tags":[],"class_list":["post-1341","post","type-post","status-publish","format-standard","hentry","category-31-turniere-ebersberg"],"_links":{"self":[{"href":"https:\/\/www.scv-jugend.de\/index.php?rest_route=\/wp\/v2\/posts\/1341","targetHints":{"allow":["GET"]}}],"collection":[{"href":"https:\/\/www.scv-jugend.de\/index.php?rest_route=\/wp\/v2\/posts"}],"about":[{"href":"https:\/\/www.scv-jugend.de\/index.php?rest_route=\/wp\/v2\/types\/post"}],"author":[{"embeddable":true,"href":"https:\/\/www.scv-jugend.de\/index.php?rest_route=\/wp\/v2\/users\/1"}],"replies":[{"embeddable":true,"href":"https:\/\/www.scv-jugend.de\/index.php?rest_route=%2Fwp%2Fv2%2Fcomments&post=1341"}],"version-history":[{"count":0,"href":"https:\/\/www.scv-jugend.de\/index.php?rest_route=\/wp\/v2\/posts\/1341\/revisions"}],"wp:attachment":[{"href":"https:\/\/www.scv-jugend.de\/index.php?rest_route=%2Fwp%2Fv2%2Fmedia&parent=1341"}],"wp:term":[{"taxonomy":"category","embeddable":true,"href":"https:\/\/www.scv-jugend.de\/index.php?rest_route=%2Fwp%2Fv2%2Fcategories&post=1341"},{"taxonomy":"post_tag","embeddable":true,"href":"https:\/\/www.scv-jugend.de\/index.php?rest_route=%2Fwp%2Fv2%2Ftags&post=1341"}],"curies":[{"name":"wp","href":"https:\/\/api.w.org\/{rel}","templated":true}]}}