{"id":1330,"date":"2012-01-05T14:20:00","date_gmt":"2012-01-05T14:20:00","guid":{"rendered":"http:\/\/wordpress.cylusion.local\/?p=1330"},"modified":"2012-01-05T14:20:00","modified_gmt":"2012-01-05T14:20:00","slug":"vortrag-in-bad-soden-von-gm-michael-prusikin","status":"publish","type":"post","link":"https:\/\/www.scv-jugend.de\/?p=1330","title":{"rendered":"Vortrag in Bad Soden von GM Michael Prusikin"},"content":{"rendered":"<p>Hallo allerseits!<br \/>\nAm 18-19.02.2012 findet im Chess Tigers Training Center in Bad Soden mein Seminar zum Thema &#8222;Franz\u00f6sische Verteidigung&#8220; statt, Einzelheiten gibt es hier: http:\/\/www.chess-tigers.de\/cttc_si_franzoesisch.php?menust=1&#038;PHPSESSID=55db407bcbe252236b4d180af985d26a<br \/>\nVielleicht hat der Eine oder Andere von Euch selbst Interesse, au\u00dferdem w\u00e4re ich f\u00fcr jede Art von Werbung sehr verbunden.<br \/>\nIch w\u00fcnsche Euch allen ein gesundes, gl\u00fcckliches und schachlich erfolgreiches neues Jahr!<br \/>\nMichael Prusikin<\/p>\n","protected":false},"excerpt":{"rendered":"<p>Hallo allerseits! Am 18-19.02.2012 findet im Chess Tigers Training Center in Bad Soden mein Seminar zum Thema &#8222;Franz\u00f6sische Verteidigung&#8220; statt, Einzelheiten gibt es hier: http:\/\/www.chess-tigers.de\/cttc_si_franzoesisch.php?menust=1&#038;PHPSESSID=55db407bcbe252236b4d180af985d26a Vielleicht hat der Eine oder Andere von Euch selbst Interesse, au\u00dferdem w\u00e4re ich f\u00fcr jede &#8230; <a class=\"more-link\" href=\"https:\/\/www.scv-jugend.de\/?p=1330\">Read More &raquo;<\/a><\/p>\n","protected":false},"author":1,"featured_media":0,"comment_status":"open","ping_status":"closed","sticky":false,"template":"","format":"standard","meta":{"footnotes":""},"categories":[],"tags":[],"class_list":["post-1330","post","type-post","status-publish","format-standard","hentry"],"_links":{"self":[{"href":"https:\/\/www.scv-jugend.de\/index.php?rest_route=\/wp\/v2\/posts\/1330","targetHints":{"allow":["GET"]}}],"collection":[{"href":"https:\/\/www.scv-jugend.de\/index.php?rest_route=\/wp\/v2\/posts"}],"about":[{"href":"https:\/\/www.scv-jugend.de\/index.php?rest_route=\/wp\/v2\/types\/post"}],"author":[{"embeddable":true,"href":"https:\/\/www.scv-jugend.de\/index.php?rest_route=\/wp\/v2\/users\/1"}],"replies":[{"embeddable":true,"href":"https:\/\/www.scv-jugend.de\/index.php?rest_route=%2Fwp%2Fv2%2Fcomments&post=1330"}],"version-history":[{"count":0,"href":"https:\/\/www.scv-jugend.de\/index.php?rest_route=\/wp\/v2\/posts\/1330\/revisions"}],"wp:attachment":[{"href":"https:\/\/www.scv-jugend.de\/index.php?rest_route=%2Fwp%2Fv2%2Fmedia&parent=1330"}],"wp:term":[{"taxonomy":"category","embeddable":true,"href":"https:\/\/www.scv-jugend.de\/index.php?rest_route=%2Fwp%2Fv2%2Fcategories&post=1330"},{"taxonomy":"post_tag","embeddable":true,"href":"https:\/\/www.scv-jugend.de\/index.php?rest_route=%2Fwp%2Fv2%2Ftags&post=1330"}],"curies":[{"name":"wp","href":"https:\/\/api.w.org\/{rel}","templated":true}]}}