{"id":1327,"date":"2012-01-04T14:17:00","date_gmt":"2012-01-04T14:17:00","guid":{"rendered":"http:\/\/wordpress.cylusion.local\/?p=1327"},"modified":"2012-01-04T14:17:00","modified_gmt":"2012-01-04T14:17:00","slug":"kirchseeoner-open-im-juli-2012","status":"publish","type":"post","link":"https:\/\/www.scv-jugend.de\/?p=1327","title":{"rendered":"Kirchseeoner Open im Juli 2012"},"content":{"rendered":"<p>Liebe Vaterstettener Schachspieler,<br \/>\nich bin zwar nicht mehr Vorstand des SC Kirchseeon, doch arbeite ich an der Organisation des n\u00e4chsten Kirchseeon Open mit. Um zu vermeiden, dass, wie im Vorjahr, dieses Turnier mit anderen Schach-Veranstaltungen im Landkreis zusammentrifft, gebe ich Ihnen schon heute den Termin unseres 6. Kirchseeon Sparda Open bekannt. Es findet von Freitag, 6. Juli bis Sonntag, 8. Juli 2012 statt.<br \/>\nDa der Schachclub Kirchseeon im kommenden Jahr sein 30-j\u00e4hriges Jubil\u00e4um nach der Wiedergr\u00fcndung 1982 feiert, w\u00fcrden wir uns sehr freuen, wenn auch von den Landkreis-Vereinen sich viele Spieler beteiligen w\u00fcrden, darunter auch m\u00f6glichst Sie pers\u00f6nlich sowie weitere Spieler mit einer hohen DWZ (Sie wissen, die Kirchseeoner kommen nach M\u00f6glichkeit auch zu den von Ihnen veranstalteten Turnieren). Es w\u00e4re daher sch\u00f6n, wenn Sie den Termin dieses Turniers m\u00f6glichst bald in Ihren Vereinen bekanntgeben k\u00f6nnten und auch etwas die Werbetrommel &#8211; vor allem bei Ihren Spitzenspielern &#8211; r\u00fchren w\u00fcrden. Daf\u00fcr sage ich Ihnen schon heute meinen herzlichsten Dank.<br \/>\nIch w\u00fcnsche Ihnen einen guten Rutsch in ein hoffentlich in jeder  Hinsicht erfreuliches Neue Jahr 2012!<br \/>\nBeste Gr\u00fc\u00dfe<br \/>\nKurt Franz<\/p>\n","protected":false},"excerpt":{"rendered":"<p>Liebe Vaterstettener Schachspieler, ich bin zwar nicht mehr Vorstand des SC Kirchseeon, doch arbeite ich an der Organisation des n\u00e4chsten Kirchseeon Open mit. Um zu vermeiden, dass, wie im Vorjahr, dieses Turnier mit anderen Schach-Veranstaltungen im Landkreis zusammentrifft, gebe ich &#8230; <a class=\"more-link\" href=\"https:\/\/www.scv-jugend.de\/?p=1327\">Read More &raquo;<\/a><\/p>\n","protected":false},"author":1,"featured_media":0,"comment_status":"open","ping_status":"closed","sticky":false,"template":"","format":"standard","meta":{"footnotes":""},"categories":[20],"tags":[],"class_list":["post-1327","post","type-post","status-publish","format-standard","hentry","category-31-turniere-ebersberg"],"_links":{"self":[{"href":"https:\/\/www.scv-jugend.de\/index.php?rest_route=\/wp\/v2\/posts\/1327","targetHints":{"allow":["GET"]}}],"collection":[{"href":"https:\/\/www.scv-jugend.de\/index.php?rest_route=\/wp\/v2\/posts"}],"about":[{"href":"https:\/\/www.scv-jugend.de\/index.php?rest_route=\/wp\/v2\/types\/post"}],"author":[{"embeddable":true,"href":"https:\/\/www.scv-jugend.de\/index.php?rest_route=\/wp\/v2\/users\/1"}],"replies":[{"embeddable":true,"href":"https:\/\/www.scv-jugend.de\/index.php?rest_route=%2Fwp%2Fv2%2Fcomments&post=1327"}],"version-history":[{"count":0,"href":"https:\/\/www.scv-jugend.de\/index.php?rest_route=\/wp\/v2\/posts\/1327\/revisions"}],"wp:attachment":[{"href":"https:\/\/www.scv-jugend.de\/index.php?rest_route=%2Fwp%2Fv2%2Fmedia&parent=1327"}],"wp:term":[{"taxonomy":"category","embeddable":true,"href":"https:\/\/www.scv-jugend.de\/index.php?rest_route=%2Fwp%2Fv2%2Fcategories&post=1327"},{"taxonomy":"post_tag","embeddable":true,"href":"https:\/\/www.scv-jugend.de\/index.php?rest_route=%2Fwp%2Fv2%2Ftags&post=1327"}],"curies":[{"name":"wp","href":"https:\/\/api.w.org\/{rel}","templated":true}]}}