{"id":1269,"date":"2011-10-09T11:46:00","date_gmt":"2011-10-09T11:46:00","guid":{"rendered":"http:\/\/wordpress.cylusion.local\/?p=1269"},"modified":"2011-10-09T11:46:00","modified_gmt":"2011-10-09T11:46:00","slug":"wer-spielt-am-15-oktober-muenchner-jugendliga","status":"publish","type":"post","link":"https:\/\/www.scv-jugend.de\/?p=1269","title":{"rendered":"Wer spielt am 15. Oktober M\u00fcnchner Jugendliga?"},"content":{"rendered":"<p>Zusage:<br \/>\n1 Laura R\u00f6ll,<br \/>\n2. Lea R\u00f6ll,<br \/>\n3. Christian Heinrich,<br \/>\n4. Christian S\u00fc\u00df<br \/>\n5. Daniel Thiel<br \/>\n6. Matthias Warga<br \/>\n7. ROman Bantlin ??<br \/>\n8. Stefan Warga ??<\/p>\n<p>??? Corina Br\u00e4uer<\/p>\n<p>Absage:<br \/>\n&#8211; Sebastian Hilger<br \/>\n&#8211; Julian Steib<br \/>\n&#8211; Joshua Steib<br \/>\n&#8211; Julian Hartmann<br \/>\n&#8211; Dominik Fickenwirth<br \/>\n&#8211; Simon Haffner<br \/>\n&#8211; Anna Steinmann<br \/>\n&#8211; Leon Steinmann<br \/>\n&#8211; Jan Ad\u00e4<br \/>\n&#8211; Pascal Ad\u00e4<br \/>\n&#8211; Alex Ullrich<br \/>\n&#8211; Robin M\u00fcnk <\/p>\n","protected":false},"excerpt":{"rendered":"<p>Zusage: 1 Laura R\u00f6ll, 2. Lea R\u00f6ll, 3. Christian Heinrich, 4. Christian S\u00fc\u00df 5. Daniel Thiel 6. Matthias Warga 7. ROman Bantlin ?? 8. Stefan Warga ?? ??? Corina Br\u00e4uer Absage: &#8211; Sebastian Hilger &#8211; Julian Steib &#8211; Joshua Steib &#8230; <a class=\"more-link\" href=\"https:\/\/www.scv-jugend.de\/?p=1269\">Read More &raquo;<\/a><\/p>\n","protected":false},"author":1,"featured_media":0,"comment_status":"open","ping_status":"closed","sticky":false,"template":"","format":"standard","meta":{"footnotes":""},"categories":[13],"tags":[],"class_list":["post-1269","post","type-post","status-publish","format-standard","hentry","category-23-turniere-muenchen"],"_links":{"self":[{"href":"https:\/\/www.scv-jugend.de\/index.php?rest_route=\/wp\/v2\/posts\/1269","targetHints":{"allow":["GET"]}}],"collection":[{"href":"https:\/\/www.scv-jugend.de\/index.php?rest_route=\/wp\/v2\/posts"}],"about":[{"href":"https:\/\/www.scv-jugend.de\/index.php?rest_route=\/wp\/v2\/types\/post"}],"author":[{"embeddable":true,"href":"https:\/\/www.scv-jugend.de\/index.php?rest_route=\/wp\/v2\/users\/1"}],"replies":[{"embeddable":true,"href":"https:\/\/www.scv-jugend.de\/index.php?rest_route=%2Fwp%2Fv2%2Fcomments&post=1269"}],"version-history":[{"count":0,"href":"https:\/\/www.scv-jugend.de\/index.php?rest_route=\/wp\/v2\/posts\/1269\/revisions"}],"wp:attachment":[{"href":"https:\/\/www.scv-jugend.de\/index.php?rest_route=%2Fwp%2Fv2%2Fmedia&parent=1269"}],"wp:term":[{"taxonomy":"category","embeddable":true,"href":"https:\/\/www.scv-jugend.de\/index.php?rest_route=%2Fwp%2Fv2%2Fcategories&post=1269"},{"taxonomy":"post_tag","embeddable":true,"href":"https:\/\/www.scv-jugend.de\/index.php?rest_route=%2Fwp%2Fv2%2Ftags&post=1269"}],"curies":[{"name":"wp","href":"https:\/\/api.w.org\/{rel}","templated":true}]}}