{"id":1259,"date":"2011-10-10T14:03:00","date_gmt":"2011-10-10T14:03:00","guid":{"rendered":"http:\/\/wordpress.cylusion.local\/?p=1259"},"modified":"2011-10-10T14:03:00","modified_gmt":"2011-10-10T14:03:00","slug":"u16-und-bayernliga-kann-mit-im-srokovskiy-trainieren","status":"publish","type":"post","link":"https:\/\/www.scv-jugend.de\/?p=1259","title":{"rendered":"U16 und Bayernliga kann mit IM Srokovskiy trainieren"},"content":{"rendered":"<p>IM Srokovskiy hat einmal Tobi Bigalke trainiert, seine Leistungen sind danach in den Himmel geschossen. Seitdem wei\u00df ich, wie gut er als Trainer ist.<br \/>\nBayernliga und die U16 k\u00f6nnne sich anmelden. <\/p>\n<p>Hallo Walter,<br \/>\nSrokovskiy h\u00e4tte ich den Faschingsferien Zeit, allerdings w\u00fcrde es  besser am  Sa-So trainieren, da er  freitags Onlinestunden hat.<br \/>\n18.19 Februar oder 25 und 26.2. stehen zur Verf\u00fcgung.<br \/>\nBitte bei mir wraedler@aol.com via Internet zusagen oder absagen, Enthaltungen hasse ich wie der Teufel das Weihwasser. <\/p>\n<p>Dabei:<br \/>\nOli Schackmann<br \/>\nFerdinand Xiong<br \/>\nMaxim Frenkel<br \/>\nMoritz Heimb\u00e4cher ?<\/p>\n<p>Termin 18.-19.02.2012 wurde von Jaroslav Srokovsky  best\u00e4tigt.<br \/>\nEr plant Sa \u2013 ab ca. 15-16:00 bis ca. 20:00 und So \u2013 vormittags (auch ca. 4 Stunden) Training.<\/p>\n","protected":false},"excerpt":{"rendered":"<p>IM Srokovskiy hat einmal Tobi Bigalke trainiert, seine Leistungen sind danach in den Himmel geschossen. Seitdem wei\u00df ich, wie gut er als Trainer ist. Bayernliga und die U16 k\u00f6nnne sich anmelden. Hallo Walter, Srokovskiy h\u00e4tte ich den Faschingsferien Zeit, allerdings &#8230; <a class=\"more-link\" href=\"https:\/\/www.scv-jugend.de\/?p=1259\">Read More &raquo;<\/a><\/p>\n","protected":false},"author":1,"featured_media":0,"comment_status":"open","ping_status":"closed","sticky":false,"template":"","format":"standard","meta":{"footnotes":""},"categories":[15],"tags":[],"class_list":["post-1259","post","type-post","status-publish","format-standard","hentry","category-25-veranstaltungen-ehrungen"],"_links":{"self":[{"href":"https:\/\/www.scv-jugend.de\/index.php?rest_route=\/wp\/v2\/posts\/1259","targetHints":{"allow":["GET"]}}],"collection":[{"href":"https:\/\/www.scv-jugend.de\/index.php?rest_route=\/wp\/v2\/posts"}],"about":[{"href":"https:\/\/www.scv-jugend.de\/index.php?rest_route=\/wp\/v2\/types\/post"}],"author":[{"embeddable":true,"href":"https:\/\/www.scv-jugend.de\/index.php?rest_route=\/wp\/v2\/users\/1"}],"replies":[{"embeddable":true,"href":"https:\/\/www.scv-jugend.de\/index.php?rest_route=%2Fwp%2Fv2%2Fcomments&post=1259"}],"version-history":[{"count":0,"href":"https:\/\/www.scv-jugend.de\/index.php?rest_route=\/wp\/v2\/posts\/1259\/revisions"}],"wp:attachment":[{"href":"https:\/\/www.scv-jugend.de\/index.php?rest_route=%2Fwp%2Fv2%2Fmedia&parent=1259"}],"wp:term":[{"taxonomy":"category","embeddable":true,"href":"https:\/\/www.scv-jugend.de\/index.php?rest_route=%2Fwp%2Fv2%2Fcategories&post=1259"},{"taxonomy":"post_tag","embeddable":true,"href":"https:\/\/www.scv-jugend.de\/index.php?rest_route=%2Fwp%2Fv2%2Ftags&post=1259"}],"curies":[{"name":"wp","href":"https:\/\/api.w.org\/{rel}","templated":true}]}}