{"id":1216,"date":"2011-08-26T07:00:18","date_gmt":"2011-08-26T07:00:18","guid":{"rendered":"http:\/\/wordpress.cylusion.local\/?p=1216"},"modified":"2011-08-26T07:00:18","modified_gmt":"2011-08-26T07:00:18","slug":"schachclub-ammersee-turnier-am-10-september","status":"publish","type":"post","link":"https:\/\/www.scv-jugend.de\/?p=1216","title":{"rendered":"Schachclub Ammersee: Turnier am 10. September"},"content":{"rendered":"<p>Liebe Schachfreunde,<br \/>\nder Schachclub Ammersee (Inning) wird am 10. September zum vierten Mal das<br \/>\nTurnier um den Ammersee-Pokal ausrichten. Es handelt sich um ein Turnier nach<br \/>\nSchweizer-KO-System (30 Minuten Bedenkzeit pro Spieler und Partie) mit<br \/>\nattraktiven Preisen.<br \/>\nIch w\u00e4re Ihnen sehr verbunden, wenn Sie die im Anhang befindliche<br \/>\nTurnierank\u00fcndigung in Ihrem Verein bekannt machen k\u00f6nnten. Die Ausschreibung<br \/>\nfindet sich auch im Internet unter &#8222;http:\/\/www.sc-ammersee.de\/downloads\/ammepok2011.pdf&#8220;.<br \/>\nIch freue mich darauf, m\u00f6glichst viele Ihrer Vereinsmitglieder bei dem Turnier<br \/>\nbegr\u00fc\u00dfen zu d\u00fcrfen.<br \/>\nMit besten Gr\u00fc\u00dfen<br \/>\nChristoph Sch\u00f6ner<br \/>\nDr. Christoph Sch\u00f6ner<br \/>\nSalzgasse 121<br \/>\n86899 Landsberg<br \/>\nTel. 08191\/429995<\/p>\n","protected":false},"excerpt":{"rendered":"<p>Liebe Schachfreunde, der Schachclub Ammersee (Inning) wird am 10. September zum vierten Mal das Turnier um den Ammersee-Pokal ausrichten. Es handelt sich um ein Turnier nach Schweizer-KO-System (30 Minuten Bedenkzeit pro Spieler und Partie) mit attraktiven Preisen. Ich w\u00e4re Ihnen &#8230; <a class=\"more-link\" href=\"https:\/\/www.scv-jugend.de\/?p=1216\">Read More &raquo;<\/a><\/p>\n","protected":false},"author":1,"featured_media":0,"comment_status":"open","ping_status":"closed","sticky":false,"template":"","format":"standard","meta":{"footnotes":""},"categories":[15],"tags":[],"class_list":["post-1216","post","type-post","status-publish","format-standard","hentry","category-25-veranstaltungen-ehrungen"],"_links":{"self":[{"href":"https:\/\/www.scv-jugend.de\/index.php?rest_route=\/wp\/v2\/posts\/1216","targetHints":{"allow":["GET"]}}],"collection":[{"href":"https:\/\/www.scv-jugend.de\/index.php?rest_route=\/wp\/v2\/posts"}],"about":[{"href":"https:\/\/www.scv-jugend.de\/index.php?rest_route=\/wp\/v2\/types\/post"}],"author":[{"embeddable":true,"href":"https:\/\/www.scv-jugend.de\/index.php?rest_route=\/wp\/v2\/users\/1"}],"replies":[{"embeddable":true,"href":"https:\/\/www.scv-jugend.de\/index.php?rest_route=%2Fwp%2Fv2%2Fcomments&post=1216"}],"version-history":[{"count":0,"href":"https:\/\/www.scv-jugend.de\/index.php?rest_route=\/wp\/v2\/posts\/1216\/revisions"}],"wp:attachment":[{"href":"https:\/\/www.scv-jugend.de\/index.php?rest_route=%2Fwp%2Fv2%2Fmedia&parent=1216"}],"wp:term":[{"taxonomy":"category","embeddable":true,"href":"https:\/\/www.scv-jugend.de\/index.php?rest_route=%2Fwp%2Fv2%2Fcategories&post=1216"},{"taxonomy":"post_tag","embeddable":true,"href":"https:\/\/www.scv-jugend.de\/index.php?rest_route=%2Fwp%2Fv2%2Ftags&post=1216"}],"curies":[{"name":"wp","href":"https:\/\/api.w.org\/{rel}","templated":true}]}}