{"id":1078,"date":"2011-09-22T09:05:00","date_gmt":"2011-09-22T09:05:00","guid":{"rendered":"http:\/\/wordpress.cylusion.local\/?p=1078"},"modified":"2011-09-22T09:05:00","modified_gmt":"2011-09-22T09:05:00","slug":"schwarz-und-weiss-war-frueher-heute-spielen-die-maedchen-mit-rosa","status":"publish","type":"post","link":"https:\/\/www.scv-jugend.de\/?p=1078","title":{"rendered":"Schwarz und wei\u00df war fr\u00fcher &#8211; heute spielen die M\u00e4dchen mit rosa!"},"content":{"rendered":"<p><!-- s9ymdb:905 --><img loading=\"lazy\" decoding=\"async\" class=\"serendipity_image_left\" width=\"240\" height=\"160\"  src=\"\/uploads\/DSCF0499.serendipityThumb.JPG\"  alt=\"\" \/><\/p>\n","protected":false},"excerpt":{"rendered":"","protected":false},"author":1,"featured_media":0,"comment_status":"open","ping_status":"closed","sticky":false,"template":"","format":"standard","meta":{"footnotes":""},"categories":[],"tags":[],"class_list":["post-1078","post","type-post","status-publish","format-standard","hentry"],"_links":{"self":[{"href":"https:\/\/www.scv-jugend.de\/index.php?rest_route=\/wp\/v2\/posts\/1078","targetHints":{"allow":["GET"]}}],"collection":[{"href":"https:\/\/www.scv-jugend.de\/index.php?rest_route=\/wp\/v2\/posts"}],"about":[{"href":"https:\/\/www.scv-jugend.de\/index.php?rest_route=\/wp\/v2\/types\/post"}],"author":[{"embeddable":true,"href":"https:\/\/www.scv-jugend.de\/index.php?rest_route=\/wp\/v2\/users\/1"}],"replies":[{"embeddable":true,"href":"https:\/\/www.scv-jugend.de\/index.php?rest_route=%2Fwp%2Fv2%2Fcomments&post=1078"}],"version-history":[{"count":0,"href":"https:\/\/www.scv-jugend.de\/index.php?rest_route=\/wp\/v2\/posts\/1078\/revisions"}],"wp:attachment":[{"href":"https:\/\/www.scv-jugend.de\/index.php?rest_route=%2Fwp%2Fv2%2Fmedia&parent=1078"}],"wp:term":[{"taxonomy":"category","embeddable":true,"href":"https:\/\/www.scv-jugend.de\/index.php?rest_route=%2Fwp%2Fv2%2Fcategories&post=1078"},{"taxonomy":"post_tag","embeddable":true,"href":"https:\/\/www.scv-jugend.de\/index.php?rest_route=%2Fwp%2Fv2%2Ftags&post=1078"}],"curies":[{"name":"wp","href":"https:\/\/api.w.org\/{rel}","templated":true}]}}