{"id":10418,"date":"2026-01-11T12:54:17","date_gmt":"2026-01-11T10:54:17","guid":{"rendered":"https:\/\/www.scv-jugend.de\/?p=10418"},"modified":"2026-01-11T12:54:17","modified_gmt":"2026-01-11T10:54:17","slug":"gruendungsmitglied-gregor-bigalke-ist-leider-gestorben","status":"publish","type":"post","link":"https:\/\/www.scv-jugend.de\/?p=10418","title":{"rendered":"Gr\u00fcndungsmitglied Gregor Bigalke ist leider gestorben"},"content":{"rendered":"\n<p>Mit Gregor ist eines der Gr\u00fcndungsmitglieder unseres Vereins von uns gegangen. Er war seit 1984 aktiv und dem Verein bis zum Schluss treu geblieben.<br>Er hat als einziges Mitglied an allen Vereinsmeisterschaften und \u00fcber all die Jahre aktiv und erfolgreich bei den Mannschaftsmeisterschaften des Schach Bezirksverband M\u00fcnchen teilgenommen.<br>Seinen talentierten Neffen Tobias hat er mit f\u00fcnf Jahren zum Schach gebracht. Tobias war schon mit 13 Jahren bester Spieler in unserem Verein und wurde Bayrischer Jugendmeister der K\u00f6nigsklasse U18.<\/p>\n\n\n\n<p>Der aktuelle Vorstand und viele seiner Schachkollegen sind sehr betroffen und traurig \u00fcber sein Ableben. Bis zuletzt hat er den Schachclub unterst\u00fctzt.<\/p>\n\n\n\n<p>Wir denken an viele sch\u00f6ne Stunden am Schachbrett und privat an ihn zur\u00fcck und werden ihn vermissen.<\/p>\n\n\n\n<p>Die Beerdigung findet am 21.01.2026 um 14:00 Uhr in der Aussegnungshalle Gemeindefriedhof Vaterstetten (Johann-Sebastian-Bach-Stra\u00dfe 1) statt.<\/p>\n\n\n\n<figure class=\"wp-block-image size-full\"><img loading=\"lazy\" decoding=\"async\" width=\"577\" height=\"523\" src=\"https:\/\/www.scv-jugend.de\/wp-content\/uploads\/image-178.png\" alt=\"\" class=\"wp-image-10419\" srcset=\"https:\/\/www.scv-jugend.de\/wp-content\/uploads\/image-178.png 577w, https:\/\/www.scv-jugend.de\/wp-content\/uploads\/image-178-300x272.png 300w\" sizes=\"auto, (max-width: 577px) 100vw, 577px\" \/><\/figure>\n","protected":false},"excerpt":{"rendered":"<p>Mit Gregor ist eines der Gr\u00fcndungsmitglieder unseres Vereins von uns gegangen. Er war seit 1984 aktiv und dem Verein bis zum Schluss treu geblieben.Er hat als einziges Mitglied an allen Vereinsmeisterschaften und \u00fcber all die Jahre aktiv und erfolgreich bei &#8230; <a class=\"more-link\" href=\"https:\/\/www.scv-jugend.de\/?p=10418\">Read More &raquo;<\/a><\/p>\n","protected":false},"author":50,"featured_media":0,"comment_status":"closed","ping_status":"closed","sticky":false,"template":"","format":"standard","meta":{"footnotes":""},"categories":[],"tags":[],"class_list":["post-10418","post","type-post","status-publish","format-standard","hentry"],"_links":{"self":[{"href":"https:\/\/www.scv-jugend.de\/index.php?rest_route=\/wp\/v2\/posts\/10418","targetHints":{"allow":["GET"]}}],"collection":[{"href":"https:\/\/www.scv-jugend.de\/index.php?rest_route=\/wp\/v2\/posts"}],"about":[{"href":"https:\/\/www.scv-jugend.de\/index.php?rest_route=\/wp\/v2\/types\/post"}],"author":[{"embeddable":true,"href":"https:\/\/www.scv-jugend.de\/index.php?rest_route=\/wp\/v2\/users\/50"}],"replies":[{"embeddable":true,"href":"https:\/\/www.scv-jugend.de\/index.php?rest_route=%2Fwp%2Fv2%2Fcomments&post=10418"}],"version-history":[{"count":1,"href":"https:\/\/www.scv-jugend.de\/index.php?rest_route=\/wp\/v2\/posts\/10418\/revisions"}],"predecessor-version":[{"id":10420,"href":"https:\/\/www.scv-jugend.de\/index.php?rest_route=\/wp\/v2\/posts\/10418\/revisions\/10420"}],"wp:attachment":[{"href":"https:\/\/www.scv-jugend.de\/index.php?rest_route=%2Fwp%2Fv2%2Fmedia&parent=10418"}],"wp:term":[{"taxonomy":"category","embeddable":true,"href":"https:\/\/www.scv-jugend.de\/index.php?rest_route=%2Fwp%2Fv2%2Fcategories&post=10418"},{"taxonomy":"post_tag","embeddable":true,"href":"https:\/\/www.scv-jugend.de\/index.php?rest_route=%2Fwp%2Fv2%2Ftags&post=10418"}],"curies":[{"name":"wp","href":"https:\/\/api.w.org\/{rel}","templated":true}]}}