{"id":10364,"date":"2025-10-17T07:23:58","date_gmt":"2025-10-17T05:23:58","guid":{"rendered":"https:\/\/www.scv-jugend.de\/?p=10364"},"modified":"2025-10-17T07:23:58","modified_gmt":"2025-10-17T05:23:58","slug":"mitgliederversammlung-2025","status":"publish","type":"post","link":"https:\/\/www.scv-jugend.de\/?p=10364","title":{"rendered":"Mitgliederversammlung 2025"},"content":{"rendered":"\n<p>am 14. November findet die Mitgliederversammlung in diesem Jahr statt.<\/p>\n\n\n\n<p>Bitte beachtet, dass wir sie in diesem Jahr in der VHS Vaterstetten durchf\u00fchren, da am 14.11. der Saal in Neukeferloh uns nicht zur Verf\u00fcgung steht.<\/p>\n\n\n\n<p>Anbei die offizielle Einladung mit allen Tagesordnungspunkten.<\/p>\n\n\n\n<p>Gerne k\u00f6nnt Ihr Vorschl\u00e4ge f\u00fcr die kommende Saison anbringen. Wir k\u00f6nnen diese dann in der Versammlung besprechen.<\/p>\n\n\n\n<p>Ich freue mich auf eine rege Beteiligung an der Versammlung.<\/p>\n\n\n\n<div data-wp-interactive=\"core\/file\" class=\"wp-block-file\"><object data-wp-bind--hidden=\"!state.hasPdfPreview\" hidden class=\"wp-block-file__embed\" data=\"https:\/\/www.scv-jugend.de\/wp-content\/uploads\/Einladung-zur-ordentlichen-Mitgliederversammlung25.pdf\" type=\"application\/pdf\" style=\"width:100%;height:600px\" aria-label=\"Einbettung von Einladung zur ordentlichen Mitgliederversammlung25.\"><\/object><a id=\"wp-block-file--media-82e05e12-8e83-4dc9-9ec3-b39fe4391501\" href=\"https:\/\/www.scv-jugend.de\/wp-content\/uploads\/Einladung-zur-ordentlichen-Mitgliederversammlung25.pdf\">Einladung zur ordentlichen Mitgliederversammlung25<\/a><a href=\"https:\/\/www.scv-jugend.de\/wp-content\/uploads\/Einladung-zur-ordentlichen-Mitgliederversammlung25.pdf\" class=\"wp-block-file__button wp-element-button\" download aria-describedby=\"wp-block-file--media-82e05e12-8e83-4dc9-9ec3-b39fe4391501\">Herunterladen<\/a><\/div>\n","protected":false},"excerpt":{"rendered":"<p>am 14. November findet die Mitgliederversammlung in diesem Jahr statt. Bitte beachtet, dass wir sie in diesem Jahr in der VHS Vaterstetten durchf\u00fchren, da am 14.11. der Saal in Neukeferloh uns nicht zur Verf\u00fcgung steht. Anbei die offizielle Einladung mit &#8230; <a class=\"more-link\" href=\"https:\/\/www.scv-jugend.de\/?p=10364\">Read More &raquo;<\/a><\/p>\n","protected":false},"author":50,"featured_media":0,"comment_status":"closed","ping_status":"closed","sticky":false,"template":"","format":"standard","meta":{"footnotes":""},"categories":[],"tags":[],"class_list":["post-10364","post","type-post","status-publish","format-standard","hentry"],"_links":{"self":[{"href":"https:\/\/www.scv-jugend.de\/index.php?rest_route=\/wp\/v2\/posts\/10364","targetHints":{"allow":["GET"]}}],"collection":[{"href":"https:\/\/www.scv-jugend.de\/index.php?rest_route=\/wp\/v2\/posts"}],"about":[{"href":"https:\/\/www.scv-jugend.de\/index.php?rest_route=\/wp\/v2\/types\/post"}],"author":[{"embeddable":true,"href":"https:\/\/www.scv-jugend.de\/index.php?rest_route=\/wp\/v2\/users\/50"}],"replies":[{"embeddable":true,"href":"https:\/\/www.scv-jugend.de\/index.php?rest_route=%2Fwp%2Fv2%2Fcomments&post=10364"}],"version-history":[{"count":1,"href":"https:\/\/www.scv-jugend.de\/index.php?rest_route=\/wp\/v2\/posts\/10364\/revisions"}],"predecessor-version":[{"id":10366,"href":"https:\/\/www.scv-jugend.de\/index.php?rest_route=\/wp\/v2\/posts\/10364\/revisions\/10366"}],"wp:attachment":[{"href":"https:\/\/www.scv-jugend.de\/index.php?rest_route=%2Fwp%2Fv2%2Fmedia&parent=10364"}],"wp:term":[{"taxonomy":"category","embeddable":true,"href":"https:\/\/www.scv-jugend.de\/index.php?rest_route=%2Fwp%2Fv2%2Fcategories&post=10364"},{"taxonomy":"post_tag","embeddable":true,"href":"https:\/\/www.scv-jugend.de\/index.php?rest_route=%2Fwp%2Fv2%2Ftags&post=10364"}],"curies":[{"name":"wp","href":"https:\/\/api.w.org\/{rel}","templated":true}]}}